{"id":4791,"date":"2026-04-26T06:30:32","date_gmt":"2026-04-26T06:30:32","guid":{"rendered":"https:\/\/manseturfa.com\/?p=4791"},"modified":"2026-04-26T06:30:32","modified_gmt":"2026-04-26T06:30:32","slug":"urfa-dusunce-platformu-baskani-kustan-konser-iptallerine-sert-tepki","status":"publish","type":"post","link":"https:\/\/manseturfa.com\/?p=4791","title":{"rendered":"Urfa D\u00fc\u015f\u00fcnce Platformu Ba\u015fkan\u0131 Ku\u015f&#8217;tan Konser iptallerine sert tepki!"},"content":{"rendered":"<p>\u015eanl\u0131urfa&#8217;da 25 Nisan ile 3 May\u0131s tarihleri aras\u0131nda d\u00fczenlenmesi planlanan \u015eanl\u0131urfa K\u00fclt\u00fcr Yolu Festivali kapsam\u0131ndaki konserlerin iptal edilmesine y\u00f6nelik tepkiler s\u00fcr\u00fcyor.<\/p>\n<p>Kamuoyunda geni\u015f yank\u0131 uyand\u0131ran bu iptallerin ard\u0131ndan Urfa D\u00fc\u015f\u00fcnce Platformu Ba\u015fkan\u0131 Mehmet Emin Ku\u015f, al\u0131nan karara sert tepki g\u00f6stererek s\u00fcrecin hem turizme hem de \u015fehir ekonomisine ciddi zarar verdi\u011fini ifade etti.<\/p>\n<h6><strong>KONSERLER SADECE E\u011eLENCE DE\u011e\u0130L, TOPLUMSAL B\u0130R \u0130HT\u0130YA\u00c7TIR<\/strong><\/h6>\n<p>Ku\u015f, yapt\u0131\u011f\u0131 a\u00e7\u0131klamada konserlerin yaln\u0131zca bir e\u011flence unsuru olarak g\u00f6r\u00fclmemesi gerekti\u011fini, ayn\u0131 zamanda sanatsal ve toplumsal bir ihtiya\u00e7 oldu\u011funu vurgulad\u0131. Ku\u015f, \u201cKonserler, gen\u00e7lerin ve halk\u0131n stres att\u0131\u011f\u0131, moral buldu\u011fu, bir araya gelerek sosyal ba\u011flar\u0131n\u0131 g\u00fc\u00e7lendirdi\u011fi etkinliklerdir. Bu t\u00fcr organizasyonlar, \u015fehirlerin k\u00fclt\u00fcrel kimli\u011fini besleyen \u00f6nemli unsurlard\u0131r\u201d diyerek sanatsal faaliyetlerin toplumsal \u00f6nemine dikkat \u00e7ekti.<\/p>\n<h6><strong>KARANLIK Z\u0130HN\u0130YETLER\u0130N ETK\u0130S\u0130 VE SANATA BASKI<\/strong><\/h6>\n<p>Festival kapsam\u0131nda planlanan etkinliklerin iptal edilmesinde belirli \u00e7evrelerin bask\u0131s\u0131n\u0131n etkili oldu\u011funu \u00f6ne s\u00fcren Ku\u015f, sert ele\u015ftirilerde bulundu. \u201cBir grup karanl\u0131k zihniyetin ve perde arkas\u0131ndaki akt\u00f6rlerin bu s\u00fcre\u00e7te etkili oldu\u011fu g\u00f6r\u00fclmektedir\u201d diyen Ku\u015f, sanat\u0131n bask\u0131lanacak de\u011fil desteklenecek bir alan oldu\u011funun alt\u0131n\u0131 \u00e7izerek, \u201cYasaklarla de\u011fil, \u00f6zg\u00fcrl\u00fcklerle geli\u015fim sa\u011flan\u0131r\u201d ifadelerini kulland\u0131.<\/p>\n<h6><strong>EKONOM\u0130K KAYIP VE TUR\u0130ZME VURULAN Z\u0130NC\u0130RLEME DARBE<\/strong><\/h6>\n<p>Toplumsal geli\u015fimin farkl\u0131l\u0131klara g\u00f6sterilen tahamm\u00fcl ile \u00f6l\u00e7\u00fcld\u00fc\u011f\u00fcn\u00fc belirten Platform Ba\u015fkan\u0131 Ku\u015f, al\u0131nan son dakika iptal kararlar\u0131n\u0131n \u015fehir genelinde zincirleme bir ekonomik kayba yol a\u00e7t\u0131\u011f\u0131n\u0131 dile getirdi. Ku\u015f, tablonun ekonomik boyutunu \u015fu s\u00f6zlerle \u00f6zetledi: \u201cBu iptaller sadece sanat\u00e7\u0131lar\u0131 ya da organizat\u00f6rleri de\u011fil; otellerden lokantalara, s\u0131ra gecesi ekiplerinden k\u00fc\u00e7\u00fck esnafa kadar bir\u00e7ok kesimi do\u011frudan etkilemi\u015ftir. \u015eehrin turizm potansiyeline darbe vurulmu\u015ftur.\u201d<\/p>\n<h6><strong>YETK\u0130L\u0130LERE \u00c7A\u011eRI: YASAKLAYICI DE\u011e\u0130L, KAPSAYICI OLUN<\/strong><\/h6>\n<p>A\u00e7\u0131klamas\u0131n\u0131n devam\u0131nda yetkililere seslenen Ku\u015f, bu t\u00fcr kararlar\u0131n daha geni\u015f bir perspektifle de\u011ferlendirilmesi gerekti\u011fini belirtti. \u015eanl\u0131urfa&#8217;n\u0131n sahip oldu\u011fu potansiyele dikkat \u00e7eken Ku\u015f, \u201c\u015eanl\u0131urfa gibi tarihi ve k\u00fclt\u00fcrel miras\u0131 g\u00fc\u00e7l\u00fc bir \u015fehirde, sanatsal etkinliklerin desteklenmesi gerekir. Yasaklay\u0131c\u0131 de\u011fil, kapsay\u0131c\u0131 bir yakla\u015f\u0131m benimsenmelidir. Aksi halde bu t\u00fcr iptaller, hem \u015fehrin imaj\u0131na hem de ekonomik yap\u0131s\u0131na zarar vermeye devam edecektir\u201d \u015feklinde konu\u015ftu.<\/p>\n<p>Kamuoyunda tart\u0131\u015f\u0131lmaya devam eden ve esnaf\u0131ndan gencine bir\u00e7ok kesimi etkileyen konser iptalleriyle ilgili, yetkililerden nas\u0131l bir ad\u0131m gelece\u011fi ise merak konusu olmaya devam ediyor<\/p>\n","protected":false},"excerpt":{"rendered":"<p>\u015eanl\u0131urfa&#8217;da 25 Nisan ile 3 May\u0131s tarihleri aras\u0131nda d\u00fczenlenmesi planlanan \u015eanl\u0131urfa K\u00fclt\u00fcr Yolu Festivali kapsam\u0131ndaki&#8230;<\/p>\n","protected":false},"author":1,"featured_media":0,"comment_status":"closed","ping_status":"closed","sticky":false,"template":"","format":"standard","meta":{"footnotes":""},"categories":[1],"tags":[],"class_list":["post-4791","post","type-post","status-publish","format-standard","hentry","category-guncel-haberler"],"_links":{"self":[{"href":"https:\/\/manseturfa.com\/index.php?rest_route=\/wp\/v2\/posts\/4791","targetHints":{"allow":["GET"]}}],"collection":[{"href":"https:\/\/manseturfa.com\/index.php?rest_route=\/wp\/v2\/posts"}],"about":[{"href":"https:\/\/manseturfa.com\/index.php?rest_route=\/wp\/v2\/types\/post"}],"author":[{"embeddable":true,"href":"https:\/\/manseturfa.com\/index.php?rest_route=\/wp\/v2\/users\/1"}],"replies":[{"embeddable":true,"href":"https:\/\/manseturfa.com\/index.php?rest_route=%2Fwp%2Fv2%2Fcomments&post=4791"}],"version-history":[{"count":0,"href":"https:\/\/manseturfa.com\/index.php?rest_route=\/wp\/v2\/posts\/4791\/revisions"}],"wp:attachment":[{"href":"https:\/\/manseturfa.com\/index.php?rest_route=%2Fwp%2Fv2%2Fmedia&parent=4791"}],"wp:term":[{"taxonomy":"category","embeddable":true,"href":"https:\/\/manseturfa.com\/index.php?rest_route=%2Fwp%2Fv2%2Fcategories&post=4791"},{"taxonomy":"post_tag","embeddable":true,"href":"https:\/\/manseturfa.com\/index.php?rest_route=%2Fwp%2Fv2%2Ftags&post=4791"}],"curies":[{"name":"wp","href":"https:\/\/api.w.org\/{rel}","templated":true}]}}