{"id":4794,"date":"2026-04-26T07:57:40","date_gmt":"2026-04-26T07:57:40","guid":{"rendered":"https:\/\/manseturfa.com\/?p=4794"},"modified":"2026-04-26T07:57:40","modified_gmt":"2026-04-26T07:57:40","slug":"naci-gorurden-kritik-uyari-buyuk-bir-depremi-tetikleyebilir","status":"publish","type":"post","link":"https:\/\/manseturfa.com\/?p=4794","title":{"rendered":"Naci G\u00f6r\u00fcr&#8217;den kritik uyar\u0131: B\u00fcy\u00fck bir depremi tetikleyebilir!"},"content":{"rendered":"<p>Afet ve Acil Durum Y\u00f6netimi Ba\u015fkanl\u0131\u011f\u0131 (AFAD) verilerine g\u00f6re, Bing\u00f6l&#8217;\u00fcn Yedisu il\u00e7esinde sabah saat 08.01&#8217;de 4.4 b\u00fcy\u00fckl\u00fc\u011f\u00fcnde deprem meydana geldi.<\/p>\n<p>Yerin 7 kilometre derinli\u011finde ger\u00e7ekle\u015fen sars\u0131nt\u0131, Bing\u00f6l ve \u00e7evresinde hissedildi. Yetkililerden al\u0131nan bilgiye g\u00f6re, depremde herhangi bir can kayb\u0131, yaralanma veya maddi hasar ya\u015fanmad\u0131.<\/p>\n<p><img loading=\"lazy\" decoding=\"async\" alt=\"Naci G\u00f6r\u00fcr'den kritik uyar\u0131: B\u00fcy\u00fck bir depremi tetikleyebilir!\" class=\"mx-auto max-w-full h-auto shadow-sm\" height=\"678\" src=\"https:\/\/www.urfahaber.com\/images\/uploads\/2026\/04\/image-69edc69c2845a.jpg\" width=\"1200\" \/><\/p>\n<p>Depremin ard\u0131ndan yer bilimci ve jeolog Prof. Dr. Naci G\u00f6r\u00fcr, sosyal medya hesab\u0131 \u00fczerinden sars\u0131nt\u0131ya ili\u015fkin bir de\u011ferlendirme yapt\u0131. G\u00f6r\u00fcr, payla\u015f\u0131m\u0131nda \u015fu ifadelere yer verdi:<\/p>\n<p>&#8220;G\u00fczg\u00fcl\u00fc, Yedisu-Bing\u00f6l\u2019de 4,3 s\u0131\u011f bir deprem oldu. \u00c7ok tehlikeli ve deprem bekledi\u011fimiz yer. Ya b\u00fcy\u00fck bir depremi tetikleyebilir, ya da gerilmeyi art\u0131r\u0131r. Allah\u2019tan hay\u0131rl\u0131s\u0131.&#8221;<\/p>\n","protected":false},"excerpt":{"rendered":"<p>Afet ve Acil Durum Y\u00f6netimi Ba\u015fkanl\u0131\u011f\u0131 (AFAD) verilerine g\u00f6re, Bing\u00f6l&#8217;\u00fcn Yedisu il\u00e7esinde sabah saat 08.01&#8217;de&#8230;<\/p>\n","protected":false},"author":1,"featured_media":0,"comment_status":"closed","ping_status":"closed","sticky":false,"template":"","format":"standard","meta":{"footnotes":""},"categories":[1],"tags":[],"class_list":["post-4794","post","type-post","status-publish","format-standard","hentry","category-guncel-haberler"],"_links":{"self":[{"href":"https:\/\/manseturfa.com\/index.php?rest_route=\/wp\/v2\/posts\/4794","targetHints":{"allow":["GET"]}}],"collection":[{"href":"https:\/\/manseturfa.com\/index.php?rest_route=\/wp\/v2\/posts"}],"about":[{"href":"https:\/\/manseturfa.com\/index.php?rest_route=\/wp\/v2\/types\/post"}],"author":[{"embeddable":true,"href":"https:\/\/manseturfa.com\/index.php?rest_route=\/wp\/v2\/users\/1"}],"replies":[{"embeddable":true,"href":"https:\/\/manseturfa.com\/index.php?rest_route=%2Fwp%2Fv2%2Fcomments&post=4794"}],"version-history":[{"count":0,"href":"https:\/\/manseturfa.com\/index.php?rest_route=\/wp\/v2\/posts\/4794\/revisions"}],"wp:attachment":[{"href":"https:\/\/manseturfa.com\/index.php?rest_route=%2Fwp%2Fv2%2Fmedia&parent=4794"}],"wp:term":[{"taxonomy":"category","embeddable":true,"href":"https:\/\/manseturfa.com\/index.php?rest_route=%2Fwp%2Fv2%2Fcategories&post=4794"},{"taxonomy":"post_tag","embeddable":true,"href":"https:\/\/manseturfa.com\/index.php?rest_route=%2Fwp%2Fv2%2Ftags&post=4794"}],"curies":[{"name":"wp","href":"https:\/\/api.w.org\/{rel}","templated":true}]}}