{"id":4797,"date":"2026-04-26T09:16:18","date_gmt":"2026-04-26T09:16:18","guid":{"rendered":"https:\/\/manseturfa.com\/?p=4797"},"modified":"2026-04-26T09:16:18","modified_gmt":"2026-04-26T09:16:18","slug":"sanliurfa-tabip-odasindan-kultur-yolu-festivalinin-iptaline-tepki","status":"publish","type":"post","link":"https:\/\/manseturfa.com\/?p=4797","title":{"rendered":"\u015eanl\u0131urfa Tabip Odas\u0131&#8217;ndan K\u00fclt\u00fcr Yolu Festivali&#8217;nin iptaline tepki!"},"content":{"rendered":"<p>\u015eanl\u0131urfa&#8217;da ger\u00e7ekle\u015ftirilmesi planlanan K\u00fclt\u00fcr Yolu Festivali&#8217;nin iptal edilmesinin ard\u0131ndan \u015eanl\u0131urfa Tabip Odas\u0131 yaz\u0131l\u0131 bir a\u00e7\u0131klama yay\u0131mlad\u0131.<\/p>\n<p><em><strong>\u015eanl\u0131urfa Tabip Odas\u0131&#8217;n\u0131n a\u00e7\u0131klamas\u0131nda \u015fu ifadelere yer verildi:<\/strong><\/em><\/p>\n<p>&#8220;Ya\u015fanan okul katliam\u0131 ve benzeri ac\u0131 olaylar toplum olarak hepimizi derinden<br \/> etkilemektedir. Ancak ger\u00e7ek bir toplumsal iyile\u015fmenin; ya\u015fam\u0131n do\u011fal ak\u0131\u015f\u0131n\u0131 kesintiye u\u011fratmaktan ziyade, onar\u0131c\u0131 adaletin sa\u011flanmas\u0131 ve \u00f6nleyici-geli\u015ftirici politikalar\u0131n hayata ge\u00e7irilmesiyle m\u00fcmk\u00fcn olaca\u011f\u0131n\u0131 vurgulamak isteriz.<\/p>\n<p>K\u00fclt\u00fcr Yolu Festivali&#8217;nin; K\u00fcrt\u00e7e, Arap\u00e7a, Zazaca gibi dillerin kullan\u0131m\u0131 ve kentimizin \u00e7ok katmanl\u0131 k\u00fclt\u00fcrel miras\u0131n\u0131n temsili a\u00e7\u0131s\u0131ndan geli\u015ftirilmesi gereken y\u00f6nleri bulundu\u011funu d\u00fc\u015f\u00fcnmekle birlikte, bu etkinli\u011fin \u015eanl\u0131urfa i\u00e7in \u00f6nemli, s\u00fcrd\u00fcr\u00fclmesi ve g\u00fc\u00e7lendirilmesi gereken bir de\u011fer oldu\u011funa inan\u0131yoruz.<\/p>\n<p>\u00d6te yandan, etkinli\u011fin ger\u00e7ekle\u015ftirilmesine kar\u015f\u0131 \u00e7\u0131kan baz\u0131 yakla\u015f\u0131mlar\u0131 kayg\u0131yla izliyoruz. \u015eanl\u0131urfa&#8217;n\u0131n \u00e7ok k\u00fclt\u00fcrl\u00fc yap\u0131s\u0131n\u0131 g\u00f6z ard\u0131 eden, tek tip bir ya\u015fam anlay\u0131\u015f\u0131n\u0131 dayatan her t\u00fcrl\u00fc tutumun, kentimizin tarihsel ve toplumsal birikimiyle \u00f6rt\u00fc\u015fmedi\u011fini belirtmek isteriz. \u015eanl\u0131urfa; kendine \u00f6zg\u00fc k\u00fclt\u00fcrel zenginli\u011fi, \u00e7ok dilli ya\u015fam\u0131 ve birikimiyle daha fazla sayg\u0131y\u0131 ve \u00f6zeni hak etmektedir.<\/p>\n<p>Kentimizin k\u00fclt\u00fcrel ya\u015fam hakk\u0131n\u0131n korunmas\u0131 ve geli\u015ftirilmesinin, toplum ruh sa\u011fl\u0131\u011f\u0131 a\u00e7\u0131s\u0131ndan da hayati \u00f6nemde oldu\u011funu bir kez daha vurguluyoruz.&#8221;<\/p>\n","protected":false},"excerpt":{"rendered":"<p>\u015eanl\u0131urfa&#8217;da ger\u00e7ekle\u015ftirilmesi planlanan K\u00fclt\u00fcr Yolu Festivali&#8217;nin iptal edilmesinin ard\u0131ndan \u015eanl\u0131urfa Tabip Odas\u0131 yaz\u0131l\u0131 bir a\u00e7\u0131klama&#8230;<\/p>\n","protected":false},"author":1,"featured_media":0,"comment_status":"closed","ping_status":"closed","sticky":false,"template":"","format":"standard","meta":{"footnotes":""},"categories":[1],"tags":[],"class_list":["post-4797","post","type-post","status-publish","format-standard","hentry","category-guncel-haberler"],"_links":{"self":[{"href":"https:\/\/manseturfa.com\/index.php?rest_route=\/wp\/v2\/posts\/4797","targetHints":{"allow":["GET"]}}],"collection":[{"href":"https:\/\/manseturfa.com\/index.php?rest_route=\/wp\/v2\/posts"}],"about":[{"href":"https:\/\/manseturfa.com\/index.php?rest_route=\/wp\/v2\/types\/post"}],"author":[{"embeddable":true,"href":"https:\/\/manseturfa.com\/index.php?rest_route=\/wp\/v2\/users\/1"}],"replies":[{"embeddable":true,"href":"https:\/\/manseturfa.com\/index.php?rest_route=%2Fwp%2Fv2%2Fcomments&post=4797"}],"version-history":[{"count":0,"href":"https:\/\/manseturfa.com\/index.php?rest_route=\/wp\/v2\/posts\/4797\/revisions"}],"wp:attachment":[{"href":"https:\/\/manseturfa.com\/index.php?rest_route=%2Fwp%2Fv2%2Fmedia&parent=4797"}],"wp:term":[{"taxonomy":"category","embeddable":true,"href":"https:\/\/manseturfa.com\/index.php?rest_route=%2Fwp%2Fv2%2Fcategories&post=4797"},{"taxonomy":"post_tag","embeddable":true,"href":"https:\/\/manseturfa.com\/index.php?rest_route=%2Fwp%2Fv2%2Ftags&post=4797"}],"curies":[{"name":"wp","href":"https:\/\/api.w.org\/{rel}","templated":true}]}}