{"id":4802,"date":"2026-04-26T10:53:43","date_gmt":"2026-04-26T10:53:43","guid":{"rendered":"https:\/\/manseturfa.com\/?p=4802"},"modified":"2026-04-26T10:53:43","modified_gmt":"2026-04-26T10:53:43","slug":"sanliurfada-2-gundur-kayip-olan-cocuktan-aci-haber","status":"publish","type":"post","link":"https:\/\/manseturfa.com\/?p=4802","title":{"rendered":"\u015eanl\u0131urfa&#8217;da 2 g\u00fcnd\u00fcr kay\u0131p olan \u00e7ocuktan ac\u0131 haber!"},"content":{"rendered":"<p>Olay, \u015eanl\u0131urfa\u2019n\u0131n Birecik il\u00e7esi otoban gi\u015felerinin yak\u0131nlar\u0131nda ya\u015fand\u0131.<\/p>\n<p>Birecik il\u00e7esine ba\u011fl\u0131 k\u0131rsal Y\u0131lmaz Mahalle Muhtar\u0131 Osman Kabakulak\u2019\u0131n 15 ya\u015f\u0131ndaki o\u011flu Muzaffer Kabakulak, 2 g\u00fcn \u00f6nce ortadan kayboldu. \u00c7ocu\u011fun eve d\u00f6nmemesi \u00fczerine yak\u0131nlar\u0131 her yerde onu aramaya ba\u015flad\u0131.<\/p>\n<p><img loading=\"lazy\" decoding=\"async\" alt=\"\u015eanl\u0131urfa'da 2 g\u00fcnd\u00fcr kay\u0131p olan \u00e7ocuktan ac\u0131 haber!\" class=\"mx-auto max-w-full h-auto shadow-sm\" height=\"774\" src=\"https:\/\/www.urfahaber.com\/images\/uploads\/2026\/04\/aw691794-03-69edef9057b6e.jpg\" width=\"1200\" \/><\/p>\n<p>Arazide \u00e7al\u0131\u015fan tar\u0131m i\u015f\u00e7ileri, menfezde boynuna ip ge\u00e7irilmi\u015f halde as\u0131l\u0131 bir \u00e7ocuk g\u00f6r\u00fcnce durumu jandarma ve sa\u011fl\u0131k ekiplerine bildirdi.<\/p>\n<p>Olay giden jandarma ekipleri, as\u0131l\u0131 \u00e7ocu\u011fu bulundu\u011fu yerden indirdi. Olay yerindeki sa\u011fl\u0131k ekipleri yapt\u0131klar\u0131 incelemede \u00e7ocu\u011fun hayat\u0131n\u0131 kaybetti\u011fini belirledi.<\/p>\n<p><img loading=\"lazy\" decoding=\"async\" alt=\"\u015eanl\u0131urfa'da 2 g\u00fcnd\u00fcr kay\u0131p olan \u00e7ocuktan ac\u0131 haber!\" class=\"mx-auto max-w-full h-auto shadow-sm\" height=\"784\" src=\"https:\/\/www.urfahaber.com\/images\/uploads\/2026\/04\/aw691794-04-69edef9f6fee6.jpg\" width=\"1200\" \/><\/p>\n<p>Yap\u0131lan ara\u015ft\u0131rmada cesedi, 2 g\u00fcn \u00f6nce ortadan kaybolan 15 ya\u015f\u0131ndaki Muzaffer Kabakulak\u2019a ait oldu\u011fu belirlendi.<\/p>\n<p>Olay yerine gelen \u00e7ocu\u011fun yak\u0131nlar\u0131, g\u00f6zya\u015flar\u0131na bo\u011fuldu. Yak\u0131nlar\u0131, \u00e7ocu\u011fun 2 g\u00fcn \u00f6nce k\u0131zarak evden ayr\u0131ld\u0131\u011f\u0131n\u0131 ve bir daha d\u00f6nmedi\u011fini iddia etti.<\/p>\n<p><img loading=\"lazy\" decoding=\"async\" alt=\"\u015eanl\u0131urfa'da 2 g\u00fcnd\u00fcr kay\u0131p olan \u00e7ocuktan ac\u0131 haber!\" class=\"mx-auto max-w-full h-auto shadow-sm\" height=\"775\" src=\"https:\/\/www.urfahaber.com\/images\/uploads\/2026\/04\/aw691794-05-69edefaa48a24.jpg\" width=\"1200\" \/><\/p>\n<p>Olayla ilgili soru\u015fturma devam ediyor.<\/p>\n<p>Kaynak:\u0130HA<\/p>\n","protected":false},"excerpt":{"rendered":"<p>Olay, \u015eanl\u0131urfa\u2019n\u0131n Birecik il\u00e7esi otoban gi\u015felerinin yak\u0131nlar\u0131nda ya\u015fand\u0131. Birecik il\u00e7esine ba\u011fl\u0131 k\u0131rsal Y\u0131lmaz Mahalle Muhtar\u0131&#8230;<\/p>\n","protected":false},"author":1,"featured_media":0,"comment_status":"closed","ping_status":"closed","sticky":false,"template":"","format":"standard","meta":{"footnotes":""},"categories":[1],"tags":[],"class_list":["post-4802","post","type-post","status-publish","format-standard","hentry","category-guncel-haberler"],"_links":{"self":[{"href":"https:\/\/manseturfa.com\/index.php?rest_route=\/wp\/v2\/posts\/4802","targetHints":{"allow":["GET"]}}],"collection":[{"href":"https:\/\/manseturfa.com\/index.php?rest_route=\/wp\/v2\/posts"}],"about":[{"href":"https:\/\/manseturfa.com\/index.php?rest_route=\/wp\/v2\/types\/post"}],"author":[{"embeddable":true,"href":"https:\/\/manseturfa.com\/index.php?rest_route=\/wp\/v2\/users\/1"}],"replies":[{"embeddable":true,"href":"https:\/\/manseturfa.com\/index.php?rest_route=%2Fwp%2Fv2%2Fcomments&post=4802"}],"version-history":[{"count":0,"href":"https:\/\/manseturfa.com\/index.php?rest_route=\/wp\/v2\/posts\/4802\/revisions"}],"wp:attachment":[{"href":"https:\/\/manseturfa.com\/index.php?rest_route=%2Fwp%2Fv2%2Fmedia&parent=4802"}],"wp:term":[{"taxonomy":"category","embeddable":true,"href":"https:\/\/manseturfa.com\/index.php?rest_route=%2Fwp%2Fv2%2Fcategories&post=4802"},{"taxonomy":"post_tag","embeddable":true,"href":"https:\/\/manseturfa.com\/index.php?rest_route=%2Fwp%2Fv2%2Ftags&post=4802"}],"curies":[{"name":"wp","href":"https:\/\/api.w.org\/{rel}","templated":true}]}}