{"id":4809,"date":"2026-04-26T14:38:25","date_gmt":"2026-04-26T14:38:25","guid":{"rendered":"https:\/\/manseturfa.com\/?p=4809"},"modified":"2026-04-26T14:38:25","modified_gmt":"2026-04-26T14:38:25","slug":"meb-izinsiz-egitim-faaliyetlerine-karsi-velileri-uyardi","status":"publish","type":"post","link":"https:\/\/manseturfa.com\/?p=4809","title":{"rendered":"MEB, izinsiz e\u011fitim faaliyetlerine kar\u015f\u0131 velileri uyard\u0131!"},"content":{"rendered":"<p>Mill\u00ee E\u011fitim Bakanl\u0131\u011f\u0131 \u00d6zel \u00d6\u011fretim Kurumlar\u0131 Genel M\u00fcd\u00fcrl\u00fc\u011f\u00fcnce haz\u0131rlanan &#8220;Mevzuata Ayk\u0131r\u0131 Hareket Eden \u00d6zel \u00d6\u011fretim Kurumlar\u0131 ve \u0130zinsiz Faaliyet&#8221; konulu yaz\u0131, valiliklere g\u00f6nderildi.<\/p>\n<p>S\u00f6z konusu yaz\u0131da, velilerin \u00e7ocuklar\u0131n\u0131 kay\u0131t yapt\u0131rmak istedikleri \u00f6zel \u00f6\u011fretim kurumlar\u0131n\u0131n Bakanl\u0131k onayl\u0131 olup olmad\u0131\u011f\u0131n\u0131 karekod uygulamas\u0131 veya Mill\u00ee E\u011fitim Bakanl\u0131\u011f\u0131 \u00d6zel \u00d6\u011fretim Kurumlar\u0131 Genel M\u00fcd\u00fcrl\u00fc\u011f\u00fcn\u00fcn internet sitesi \u00fczerinden teyit etmeleri gerekti\u011fi uyar\u0131s\u0131nda bulunuldu.<\/p>\n<h6><strong>E\u011e\u0130T\u0130M FAAL\u0130YETLER\u0130 DEVLET DENET\u0130M\u0130NDE<\/strong><\/h6>\n<p>Yaz\u0131da, anayasan\u0131n ve 1739 say\u0131l\u0131 Mill\u00ee E\u011fitim Temel Kanunu&#8217;nun ilgili maddeleri uyar\u0131nca \u00fclkede e\u011fitim ve \u00f6\u011fretim faaliyetlerinin, devletin g\u00f6zetim ve denetimi alt\u0131nda y\u00fcr\u00fct\u00fclmesi gerekti\u011fi; resm\u00ee, \u00f6zel ya da g\u00f6n\u00fcll\u00fc her t\u00fcrl\u00fc kurulu\u015fun e\u011fitimle ilgili faaliyetlerinin Bakanl\u0131\u011f\u0131n denetimine tabii oldu\u011fu belirtildi.<\/p>\n<h6><strong>\u00d6ZEL \u00d6\u011eRET\u0130M KURUMLARININ FAAL\u0130YET ALANI<\/strong><\/h6>\n<p>Bakanl\u0131\u011fa ba\u011fl\u0131 olarak faaliyet g\u00f6steren \u00f6zel \u00f6\u011fretim kursu, \u00e7e\u015fitli kurs, sosyal etkinlik ve geli\u015fim merkezi, \u00f6\u011frenci etkinlik merkezi ile \u00e7ocuk etkinlik ve oyunevi faaliyet alanlar\u0131n\u0131n uygulayabilece\u011fi programlar ile kimlere hizmet sunabilece\u011fi \u00d6zel \u00d6\u011fretim Kurumlar\u0131 Kanunu&#8217;nda ve Mill\u00ee E\u011fitim Bakanl\u0131\u011f\u0131 \u00d6zel \u00d6\u011fretim Kurumlar\u0131 Y\u00f6netmeli\u011fi&#8217;nde belirlendi\u011fi vurgulanan yaz\u0131da, bu kurumlar\u0131n kurum a\u00e7ma izinlerine uygun olarak faaliyet g\u00f6stermeleri, \u00f6\u011frenci veya kursiyer kay\u0131tlar\u0131n\u0131 bu do\u011frultuda yapmalar\u0131 gerekti\u011fi ifade edildi.<\/p>\n<p>Yaz\u0131da valilikler taraf\u0131ndan bu hususun kurumlara bildirilmesi, kurumlar\u0131n bu \u00e7er\u00e7evede denetlenmesi ve amac\u0131 d\u0131\u015f\u0131nda faaliyet g\u00f6sterdi\u011fi tespit edilen kurumlar\u0131n, kurum a\u00e7ma izni ile i\u015f yeri a\u00e7ma ve \u00e7al\u0131\u015fma ruhsatlar\u0131n\u0131n iptal edilmesi gerekti\u011fi aktar\u0131ld\u0131.<\/p>\n<h6><strong>KAREKOD ZORUNLULU\u011eU VE MEBB\u0130S S\u0130STEM\u0130<\/strong><\/h6>\n<p>Ayr\u0131ca \u00f6zel \u00f6\u011fretim kurumlar\u0131n\u0131n Mill\u00ee E\u011fitim Bakanl\u0131\u011f\u0131 \u00d6zel \u00d6\u011fretim Kurumlar\u0131 Y\u00f6netmeli\u011fi&#8217;nin ilgili ek maddesinde Mill\u00ee E\u011fitim Bakanl\u0131\u011f\u0131 Bili\u015fim Sistemleri (MEBB\u0130S) \u00fczerinden olu\u015fturulacak kurumlar\u0131n tan\u0131t\u0131c\u0131 bilgilerin yer ald\u0131\u011f\u0131 karekoda yer vermesi gerekti\u011fi hat\u0131rlat\u0131lan yaz\u0131da, bu karekod \u00fczerinden kurumlar\u0131n Bakanl\u0131\u011fa ba\u011fl\u0131 olarak faaliyet g\u00f6sterip g\u00f6stermedi\u011finin teyit edilebildi\u011fi an\u0131msat\u0131ld\u0131.<\/p>\n<h6><strong>KURUM B\u0130LG\u0130LER\u0130N\u0130N RESM\u0130 KAYNAKTAN DO\u011eRULANMASI<\/strong><\/h6>\n<p>Yaz\u0131da, \u00d6zel \u00d6\u011fretim Kurumlar\u0131 Kanunu kapsam\u0131nda kurumlar\u0131n listesi ve s\u00f6z konusu kurumlar\u0131n faaliyet alanlar\u0131 ile uygulad\u0131klar\u0131 \u00f6\u011fretim programlar\u0131na ili\u015fkin bilgilerin, Genel M\u00fcd\u00fcrl\u00fc\u011f\u00fcn internet sitesinde yer ald\u0131\u011f\u0131 ve buradan Bakanl\u0131\u011fa faaliyet g\u00f6sterip g\u00f6stermediklerinin teyit edilebildi\u011fi kaydedildi.<\/p>\n<h6><strong>B\u0130NA G\u0130R\u0130\u015eLER\u0130NDE KAREKOD DENET\u0130M\u0130<\/strong><\/h6>\n<p>Bina giri\u015finde karekod bulunmayan \u00f6zel \u00f6\u011fretim kurumlar\u0131na i\u015flem yap\u0131lacak<\/p>\n<p>Yaz\u0131da, \u00f6zel \u00f6\u011fretim kurumlar\u0131n\u0131n bina giri\u015flerinde s\u00f6z konusu karekodun bulunup bulunmad\u0131\u011f\u0131 ve mevcut karekodun MEBB\u0130S mod\u00fcl\u00fcnde yer alan kurum bilgilerine y\u00f6nlendirme yap\u0131p yapmad\u0131\u011f\u0131n\u0131n da incelenmesi istendi.<\/p>\n<h6><strong>VEL\u0130 VE \u00d6\u011eRENC\u0130LERE KONTROL UYARISI<\/strong><\/h6>\n<p>Yaz\u0131da veli, \u00f6\u011frenci veya kursiyerlerin bu kurumlara kay\u0131t yapt\u0131r\u0131rken karekod ya da Genel M\u00fcd\u00fcrl\u00fc\u011f\u00fcn internet sitesi \u00fczerinden kurumun Bakanl\u0131k onayl\u0131 olup olmad\u0131\u011f\u0131n\u0131 teyit etmeleri gerekti\u011fi vurguland\u0131.<\/p>\n<h6><strong>B\u0130LD\u0130R\u0130M VE DUYURU S\u00dcREC\u0130<\/strong><\/h6>\n<p>Bakanl\u0131ktan izinsiz faaliyet g\u00f6steren yerlerin Genel M\u00fcd\u00fcrl\u00fc\u011f\u00fcn internet sitesinde yer alan &#8220;\u0130zinsiz E\u011fitim Faaliyeti Bildirim Formu&#8221; arac\u0131l\u0131\u011f\u0131yla bildirilmesi gerekti\u011fi belirtilen yaz\u0131da, bu hususlar\u0131n ildeki \u00f6zel \u00f6\u011fretim kurumlar\u0131 ile bu kurumlardan hizmet alan veli, \u00f6\u011frenci ve kursiyerlere duyurulmas\u0131 ve gerekli rehberlik ile denetim \u00e7al\u0131\u015fmalar\u0131n\u0131n y\u00fcr\u00fct\u00fclmesi istendi.<\/p>\n<p>Bakanl\u0131\u011f\u0131n \u00f6zel e\u011fitim kurumlar\u0131n\u0131 kapsayan &#8220;karekod&#8221; uygulamas\u0131 2023&#8217;te hayata ge\u00e7irilmi\u015fti. Uygulama sayesinde veli ve \u00f6\u011frenciler, karekodu okutarak kurumun ad\u0131, faaliyet alan\u0131 ve kurucusuna ili\u015fkin bilgilere ula\u015fabiliyor.<\/p>\n<p>Uygulamayla, amac\u0131 d\u0131\u015f\u0131nda izinsiz faaliyet y\u00fcr\u00fcten kurumlara kay\u0131t yapt\u0131r\u0131lmas\u0131n\u0131n \u00f6n\u00fcne ge\u00e7ilmesi hedefleniyor.<\/p>\n","protected":false},"excerpt":{"rendered":"<p>Mill\u00ee E\u011fitim Bakanl\u0131\u011f\u0131 \u00d6zel \u00d6\u011fretim Kurumlar\u0131 Genel M\u00fcd\u00fcrl\u00fc\u011f\u00fcnce haz\u0131rlanan &#8220;Mevzuata Ayk\u0131r\u0131 Hareket Eden \u00d6zel \u00d6\u011fretim&#8230;<\/p>\n","protected":false},"author":1,"featured_media":0,"comment_status":"closed","ping_status":"closed","sticky":false,"template":"","format":"standard","meta":{"footnotes":""},"categories":[1],"tags":[],"class_list":["post-4809","post","type-post","status-publish","format-standard","hentry","category-guncel-haberler"],"_links":{"self":[{"href":"https:\/\/manseturfa.com\/index.php?rest_route=\/wp\/v2\/posts\/4809","targetHints":{"allow":["GET"]}}],"collection":[{"href":"https:\/\/manseturfa.com\/index.php?rest_route=\/wp\/v2\/posts"}],"about":[{"href":"https:\/\/manseturfa.com\/index.php?rest_route=\/wp\/v2\/types\/post"}],"author":[{"embeddable":true,"href":"https:\/\/manseturfa.com\/index.php?rest_route=\/wp\/v2\/users\/1"}],"replies":[{"embeddable":true,"href":"https:\/\/manseturfa.com\/index.php?rest_route=%2Fwp%2Fv2%2Fcomments&post=4809"}],"version-history":[{"count":0,"href":"https:\/\/manseturfa.com\/index.php?rest_route=\/wp\/v2\/posts\/4809\/revisions"}],"wp:attachment":[{"href":"https:\/\/manseturfa.com\/index.php?rest_route=%2Fwp%2Fv2%2Fmedia&parent=4809"}],"wp:term":[{"taxonomy":"category","embeddable":true,"href":"https:\/\/manseturfa.com\/index.php?rest_route=%2Fwp%2Fv2%2Fcategories&post=4809"},{"taxonomy":"post_tag","embeddable":true,"href":"https:\/\/manseturfa.com\/index.php?rest_route=%2Fwp%2Fv2%2Ftags&post=4809"}],"curies":[{"name":"wp","href":"https:\/\/api.w.org\/{rel}","templated":true}]}}