{"id":4814,"date":"2026-04-26T18:07:23","date_gmt":"2026-04-26T18:07:23","guid":{"rendered":"https:\/\/manseturfa.com\/?p=4814"},"modified":"2026-04-26T18:07:23","modified_gmt":"2026-04-26T18:07:23","slug":"derbi-macta-dezenformasyona-kirmizi-kart-mesaji","status":"publish","type":"post","link":"https:\/\/manseturfa.com\/?p=4814","title":{"rendered":"Derbi ma\u00e7ta &#8216;Dezenformasyona K\u0131rm\u0131z\u0131 Kart&#8217; mesaj\u0131!"},"content":{"rendered":"<p>T\u00dcRK futbolunun kalbinin att\u0131\u011f\u0131 Galatasaray-Fenerbah\u00e7e derbisi, bu kez sadece ye\u015fil sahadaki rekabetle de\u011fil, toplumsal fark\u0131ndal\u0131k i\u00e7in at\u0131lan anlaml\u0131 bir ad\u0131mla da tarihe ge\u00e7ti. Cumhurba\u015fkanl\u0131\u011f\u0131 \u0130leti\u015fim Ba\u015fkanl\u0131\u011f\u0131 taraf\u0131ndan y\u00fcr\u00fct\u00fclen dezenformasyonla m\u00fccadele \u00e7al\u0131\u015fmalar\u0131 kapsam\u0131nda, her iki tak\u0131m\u0131n futbolcular\u0131 sahaya anlaml\u0131 pankartlarla \u00e7\u0131kt\u0131.<\/p>\n<h2><strong>SAHADA B\u0130RL\u0130K, B\u0130LG\u0130DE DO\u011eRULUK<\/strong><\/h2>\n<p>Milyonlar\u0131 ekran ba\u015f\u0131na kilitleyen dev ma\u00e7 \u00f6ncesi seremoniye \u00e7\u0131kan ezeli rakipler, el ele vererek dezenformasyonun y\u0131k\u0131c\u0131 etkilerine dikkat \u00e7ekti. Futbolcular\u0131n ta\u015f\u0131d\u0131\u011f\u0131 &#8220;YALANA KIRMIZI KART, DO\u011eRU B\u0130LG\u0130 G\u00dc\u00c7L\u00dc TOPLUM&#8221; ve &#8220;ETK\u0130LE\u015e\u0130ME DE\u011e\u0130L GER\u00c7E\u011eE \u0130NAN, DEZENFORMASYONA DUR DE&#8221; yaz\u0131l\u0131 pankartlar, trib\u00fcnlerden ve futbolseverlerden alk\u0131\u015f ve be\u011feni toplad\u0131.<\/p>\n<p><img loading=\"lazy\" decoding=\"async\" alt=\"Derbi ma\u00e7ta 'Dezenformasyona K\u0131rm\u0131z\u0131 Kart' mesaj\u0131!\" class=\"mx-auto max-w-full h-auto shadow-sm\" height=\"800\" src=\"https:\/\/www.urfahaber.com\/images\/uploads\/2026\/04\/derbi-macta-dezenformasyona-kirmizi-kar-1279881-380757-69ee53556887d.jpg\" width=\"1200\" \/><\/p>\n<h2><strong>DEZENFORMASYONLA M\u00dcCADELE KAMUOYUNUN ORTAK G\u00d6REV\u0130<\/strong><\/h2>\n<p>\u0130leti\u015fim Ba\u015fkanl\u0131\u011f\u0131\u2019n\u0131n &#8216;Dezenformasyonla M\u00fccadele&#8217; kampanyas\u0131, sporun birle\u015ftirici g\u00fcc\u00fcyle sadece stadyumdaki on binlere de\u011fil, ekran ba\u015f\u0131ndaki milyonlara da dijital \u00e7a\u011f\u0131n en b\u00fcy\u00fck vir\u00fcs\u00fcne kar\u015f\u0131 \u00f6nemli bir \u00e7a\u011fr\u0131da bulundu.<\/p>\n<p><img loading=\"lazy\" decoding=\"async\" alt=\"Derbi ma\u00e7ta 'Dezenformasyona K\u0131rm\u0131z\u0131 Kart' mesaj\u0131!\" class=\"mx-auto max-w-full h-auto shadow-sm\" height=\"800\" src=\"https:\/\/www.urfahaber.com\/images\/uploads\/2026\/04\/derbi-macta-dezenformasyona-kirmizi-kar-1279880-380757-69ee53ccba1e9.jpg\" width=\"1200\" \/><\/p>\n<p>Pankartlarda yer alan mesajlarla, sosyal medyada sadece etkile\u015fim u\u011fruna yay\u0131lan as\u0131ls\u0131z bilgilerin toplumsal g\u00fcveni ve huzuru zedeledi\u011fi hat\u0131rlat\u0131ld\u0131. Alg\u0131 operasyonlar\u0131na, manip\u00fclatif i\u00e7eriklere ve yalan haberlere kar\u015f\u0131 &#8220;toplumsal ba\u011f\u0131\u015f\u0131kl\u0131k&#8221; kazanman\u0131n \u00f6nemi vurguland\u0131. Galatasaray ve Fenerbah\u00e7e camialar\u0131n\u0131n bu kritik konuda ortak bir duru\u015f sergilemesi de dezenformasyona kar\u015f\u0131 m\u00fccadelenin t\u00fcm toplumu ilgilendiren \u00f6nemli bir mesele oldu\u011funu bir kez daha g\u00f6stermi\u015f oldu.<\/p>\n<p>kaynak:DHA<\/p>\n","protected":false},"excerpt":{"rendered":"<p>T\u00dcRK futbolunun kalbinin att\u0131\u011f\u0131 Galatasaray-Fenerbah\u00e7e derbisi, bu kez sadece ye\u015fil sahadaki rekabetle de\u011fil, toplumsal fark\u0131ndal\u0131k&#8230;<\/p>\n","protected":false},"author":1,"featured_media":0,"comment_status":"closed","ping_status":"closed","sticky":false,"template":"","format":"standard","meta":{"footnotes":""},"categories":[1],"tags":[],"class_list":["post-4814","post","type-post","status-publish","format-standard","hentry","category-guncel-haberler"],"_links":{"self":[{"href":"https:\/\/manseturfa.com\/index.php?rest_route=\/wp\/v2\/posts\/4814","targetHints":{"allow":["GET"]}}],"collection":[{"href":"https:\/\/manseturfa.com\/index.php?rest_route=\/wp\/v2\/posts"}],"about":[{"href":"https:\/\/manseturfa.com\/index.php?rest_route=\/wp\/v2\/types\/post"}],"author":[{"embeddable":true,"href":"https:\/\/manseturfa.com\/index.php?rest_route=\/wp\/v2\/users\/1"}],"replies":[{"embeddable":true,"href":"https:\/\/manseturfa.com\/index.php?rest_route=%2Fwp%2Fv2%2Fcomments&post=4814"}],"version-history":[{"count":0,"href":"https:\/\/manseturfa.com\/index.php?rest_route=\/wp\/v2\/posts\/4814\/revisions"}],"wp:attachment":[{"href":"https:\/\/manseturfa.com\/index.php?rest_route=%2Fwp%2Fv2%2Fmedia&parent=4814"}],"wp:term":[{"taxonomy":"category","embeddable":true,"href":"https:\/\/manseturfa.com\/index.php?rest_route=%2Fwp%2Fv2%2Fcategories&post=4814"},{"taxonomy":"post_tag","embeddable":true,"href":"https:\/\/manseturfa.com\/index.php?rest_route=%2Fwp%2Fv2%2Ftags&post=4814"}],"curies":[{"name":"wp","href":"https:\/\/api.w.org\/{rel}","templated":true}]}}