{"id":4826,"date":"2026-04-27T07:19:32","date_gmt":"2026-04-27T07:19:32","guid":{"rendered":"https:\/\/manseturfa.com\/?p=4826"},"modified":"2026-04-27T07:19:32","modified_gmt":"2026-04-27T07:19:32","slug":"urfada-iki-otomobil-kafa-kafaya-carpisti-yaralilar-var","status":"publish","type":"post","link":"https:\/\/manseturfa.com\/?p=4826","title":{"rendered":"Urfa\u2019da iki otomobil kafa kafaya \u00e7arp\u0131\u015ft\u0131! Yaral\u0131lar var!"},"content":{"rendered":"<p>\u015eanl\u0131urfa\u2019n\u0131n Harran il\u00e7esinde bulunan Bazda Ma\u011faralar\u0131 mevkiinde iki otomobilin \u00e7arp\u0131\u015fmas\u0131 sonucu 2 ki\u015fi yaraland\u0131.<\/p>\n<h2><img loading=\"lazy\" decoding=\"async\" alt=\"Urfa\u2019da iki otomobil kafa kafaya \u00e7arp\u0131\u015ft\u0131! Yaral\u0131lar var!\" class=\"mx-auto max-w-full h-auto shadow-sm\" height=\"667\" src=\"https:\/\/www.urfahaber.com\/images\/uploads\/2026\/04\/trafik-kaza-69ef0e683b99d.jpg\" width=\"1200\" \/><strong>KAFA KAFAYA \u00c7ARPI\u015eTILAR<\/strong><\/h2>\n<p>Edinilen bilgilere g\u00f6re, s\u00fcr\u00fcc\u00fcleri ve plakalar\u0131 hen\u00fcz belirlenemeyen iki ara\u00e7, bilinmeyen bir nedenle kafa kafaya \u00e7arp\u0131\u015ft\u0131. \u00c7arp\u0131\u015fman\u0131n etkisiyle ara\u00e7larda bulunan iki ki\u015fi v\u00fccutlar\u0131n\u0131n \u00e7e\u015fitli yerlerinden yaraland\u0131.<\/p>\n<h2><img loading=\"lazy\" decoding=\"async\" alt=\"Urfa\u2019da iki otomobil kafa kafaya \u00e7arp\u0131\u015ft\u0131! Yaral\u0131lar var!\" class=\"mx-auto max-w-full h-auto shadow-sm\" height=\"667\" src=\"https:\/\/www.urfahaber.com\/images\/uploads\/2026\/04\/trafik-kaza-69ef0e6f80031.jpg\" width=\"1200\" \/><strong>EK\u0130PLER OLAY YER\u0130NE SEVK ED\u0130LD\u0130<\/strong><\/h2>\n<p>Kazay\u0131 g\u00f6renlerin ihbar\u0131 \u00fczerine b\u00f6lgeye sa\u011fl\u0131k ve jandarma ekipleri sevk edildi.<\/p>\n<p>Olay yerine ula\u015fan sa\u011fl\u0131k ekipleri taraf\u0131ndan yaral\u0131lara yap\u0131lan ilk m\u00fcdahalenin ard\u0131ndan ambulanslarla hastaneye kald\u0131rd\u0131.<\/p>\n<p>Kazada ara\u00e7larda maddi hasar meydana gelirken, jandarma ekipleri olayla ilgili inceleme ba\u015flatt\u0131.<\/p>\n","protected":false},"excerpt":{"rendered":"<p>\u015eanl\u0131urfa\u2019n\u0131n Harran il\u00e7esinde bulunan Bazda Ma\u011faralar\u0131 mevkiinde iki otomobilin \u00e7arp\u0131\u015fmas\u0131 sonucu 2 ki\u015fi yaraland\u0131. KAFA&#8230;<\/p>\n","protected":false},"author":1,"featured_media":0,"comment_status":"closed","ping_status":"closed","sticky":false,"template":"","format":"standard","meta":{"footnotes":""},"categories":[1],"tags":[],"class_list":["post-4826","post","type-post","status-publish","format-standard","hentry","category-guncel-haberler"],"_links":{"self":[{"href":"https:\/\/manseturfa.com\/index.php?rest_route=\/wp\/v2\/posts\/4826","targetHints":{"allow":["GET"]}}],"collection":[{"href":"https:\/\/manseturfa.com\/index.php?rest_route=\/wp\/v2\/posts"}],"about":[{"href":"https:\/\/manseturfa.com\/index.php?rest_route=\/wp\/v2\/types\/post"}],"author":[{"embeddable":true,"href":"https:\/\/manseturfa.com\/index.php?rest_route=\/wp\/v2\/users\/1"}],"replies":[{"embeddable":true,"href":"https:\/\/manseturfa.com\/index.php?rest_route=%2Fwp%2Fv2%2Fcomments&post=4826"}],"version-history":[{"count":0,"href":"https:\/\/manseturfa.com\/index.php?rest_route=\/wp\/v2\/posts\/4826\/revisions"}],"wp:attachment":[{"href":"https:\/\/manseturfa.com\/index.php?rest_route=%2Fwp%2Fv2%2Fmedia&parent=4826"}],"wp:term":[{"taxonomy":"category","embeddable":true,"href":"https:\/\/manseturfa.com\/index.php?rest_route=%2Fwp%2Fv2%2Fcategories&post=4826"},{"taxonomy":"post_tag","embeddable":true,"href":"https:\/\/manseturfa.com\/index.php?rest_route=%2Fwp%2Fv2%2Ftags&post=4826"}],"curies":[{"name":"wp","href":"https:\/\/api.w.org\/{rel}","templated":true}]}}