{"id":4827,"date":"2026-04-27T07:13:01","date_gmt":"2026-04-27T07:13:01","guid":{"rendered":"https:\/\/manseturfa.com\/?p=4827"},"modified":"2026-04-27T07:13:01","modified_gmt":"2026-04-27T07:13:01","slug":"siverekte-satranc-etkinligine-ilgi","status":"publish","type":"post","link":"https:\/\/manseturfa.com\/?p=4827","title":{"rendered":"Siverek&#8217;te satran\u00e7 etkinli\u011fine ilgi!"},"content":{"rendered":"<p>Yavuz Selim \u0130lkokulu \u00f6nc\u00fcl\u00fc\u011f\u00fcnde Ofis Park&#8217;ta d\u00fczenlenen etkinli\u011fe okul \u00f6\u011frencilerinin yan\u0131 s\u0131ra her ya\u015ftan vatanda\u015f kat\u0131larak keyifli vakit ge\u00e7irdi.<\/p>\n<p><img loading=\"lazy\" decoding=\"async\" alt=\"Siverek'te satran\u00e7 etkinli\u011fine ilgi!\" class=\"mx-auto max-w-full h-auto shadow-sm\" height=\"800\" src=\"https:\/\/www.urfahaber.com\/images\/uploads\/2026\/04\/aw692168-01-69ef0d2c42a85.jpg\" width=\"1200\" \/><\/p>\n<p>Proje Koordinat\u00f6r\u00fc \u0130rfan Topalan, etkinli\u011fe ili\u015fkin yapt\u0131\u011f\u0131 a\u00e7\u0131klamada, \u00f6\u011frencilerin farkl\u0131 ki\u015filerle bir araya gelerek sosyalle\u015fmelerini ama\u00e7lad\u0131klar\u0131n\u0131 belirtti. Topalan, \u00f6\u011frencilerin hem farkl\u0131 sporcularla kar\u015f\u0131la\u015fma f\u0131rsat\u0131 buldu\u011funu hem de yakla\u015fan yar\u0131\u015fmalara haz\u0131rland\u0131klar\u0131n\u0131 ifade etti.<\/p>\n<p>Okul M\u00fcd\u00fcr Yard\u0131mc\u0131s\u0131 Mehmet Binici ise bu t\u00fcr etkinliklerin artmas\u0131n\u0131n \u00e7ocuklar\u0131n geli\u015fimine katk\u0131 sa\u011flayaca\u011f\u0131n\u0131 kaydederek, kat\u0131l\u0131m g\u00f6sterenlere te\u015fekk\u00fcr etti. Okulun \u00f6\u011fretmenlerinden Mahmut \u00c7akmak da okul olarak ama\u00e7lar\u0131n\u0131n fark\u0131ndal\u0131k olu\u015fturmak oldu\u011funu belirterek, \u00f6\u011frencileri ak\u0131l ve zeka oyunlar\u0131na y\u00f6nlendirmeyi hedeflediklerini dile getirdi.<\/p>\n<p><img loading=\"lazy\" decoding=\"async\" alt=\"Siverek'te satran\u00e7 etkinli\u011fine ilgi!\" class=\"mx-auto max-w-full h-auto shadow-sm\" height=\"800\" src=\"https:\/\/www.urfahaber.com\/images\/uploads\/2026\/04\/aw692168-03-69ef0d3565a35.jpg\" width=\"1200\" \/><\/p>\n<p>Etkinli\u011fe kat\u0131lan \u00f6\u011frencilerden Muhammed Talha Karaaslan satran\u00e7 sayesinde yeni arkada\u015flar edindiklerini ifade ederken, Suda Akbulut ise etkinlikte e\u011flenerek yeni hamleler \u00f6\u011frendiklerini s\u00f6yledi. Okul idaresi, benzer etkinliklerin ilerleyen d\u00f6nemlerde de devam edece\u011fini bildirdi.<\/p>\n<p>kaynak:\u0130HA<\/p>\n","protected":false},"excerpt":{"rendered":"<p>Yavuz Selim \u0130lkokulu \u00f6nc\u00fcl\u00fc\u011f\u00fcnde Ofis Park&#8217;ta d\u00fczenlenen etkinli\u011fe okul \u00f6\u011frencilerinin yan\u0131 s\u0131ra her ya\u015ftan vatanda\u015f&#8230;<\/p>\n","protected":false},"author":1,"featured_media":0,"comment_status":"closed","ping_status":"closed","sticky":false,"template":"","format":"standard","meta":{"footnotes":""},"categories":[1],"tags":[],"class_list":["post-4827","post","type-post","status-publish","format-standard","hentry","category-guncel-haberler"],"_links":{"self":[{"href":"https:\/\/manseturfa.com\/index.php?rest_route=\/wp\/v2\/posts\/4827","targetHints":{"allow":["GET"]}}],"collection":[{"href":"https:\/\/manseturfa.com\/index.php?rest_route=\/wp\/v2\/posts"}],"about":[{"href":"https:\/\/manseturfa.com\/index.php?rest_route=\/wp\/v2\/types\/post"}],"author":[{"embeddable":true,"href":"https:\/\/manseturfa.com\/index.php?rest_route=\/wp\/v2\/users\/1"}],"replies":[{"embeddable":true,"href":"https:\/\/manseturfa.com\/index.php?rest_route=%2Fwp%2Fv2%2Fcomments&post=4827"}],"version-history":[{"count":0,"href":"https:\/\/manseturfa.com\/index.php?rest_route=\/wp\/v2\/posts\/4827\/revisions"}],"wp:attachment":[{"href":"https:\/\/manseturfa.com\/index.php?rest_route=%2Fwp%2Fv2%2Fmedia&parent=4827"}],"wp:term":[{"taxonomy":"category","embeddable":true,"href":"https:\/\/manseturfa.com\/index.php?rest_route=%2Fwp%2Fv2%2Fcategories&post=4827"},{"taxonomy":"post_tag","embeddable":true,"href":"https:\/\/manseturfa.com\/index.php?rest_route=%2Fwp%2Fv2%2Ftags&post=4827"}],"curies":[{"name":"wp","href":"https:\/\/api.w.org\/{rel}","templated":true}]}}