{"id":4831,"date":"2026-04-27T08:18:49","date_gmt":"2026-04-27T08:18:49","guid":{"rendered":"https:\/\/manseturfa.com\/?p=4831"},"modified":"2026-04-27T08:18:49","modified_gmt":"2026-04-27T08:18:49","slug":"81-ile-dron-uretim-merkezi-turkiye-dron-ussu-olacak","status":"publish","type":"post","link":"https:\/\/manseturfa.com\/?p=4831","title":{"rendered":"81 ile dron \u00fcretim merkezi! T\u00fcrkiye dron \u00fcss\u00fc olacak!"},"content":{"rendered":"<p>SAHA \u0130stanbul Y\u00f6netim Kurulu Ba\u015fkan\u0131\u00a0Haluk Bayraktar, SAHA \u0130stanbul\u2019un 2026 fuar\u0131ndan elde edilecek gelirleri T\u00fcrkiye genelinde b\u00fcy\u00fck bir projeye y\u00f6nlendireceklerini a\u00e7\u0131klad\u0131.<\/p>\n<p>Buna g\u00f6re 81 ilde dron \u00fcretim ve e\u011fitim merkezleri kurulacak. Bayraktar, bu hamleyle \u00fclkenin k\u0131sa s\u00fcrede milyonlarca dron \u00fcretebilecek kapasiteye ula\u015fabilece\u011fini vurgulad\u0131.<\/p>\n<h2><strong>SAHA 2026 FUARI MAYIS\u2019TA \u0130STANBUL\u2019DA<\/strong><\/h2>\n<p>T\u00fcrkiye\u2019nin ve Avrupa\u2019n\u0131n en b\u00fcy\u00fck savunma, havac\u0131l\u0131k ve uzay sanayi k\u00fcmelenmesi olan SAHA \u0130stanbul taraf\u0131ndan d\u00fczenlenen SAHA 2026 Uluslararas\u0131 Savunma, Havac\u0131l\u0131k ve Uzay Sanayi Fuar\u0131, 5-9 May\u0131s tarihleri aras\u0131nda \u0130stanbul Fuar Merkezi\u2019nde ger\u00e7ekle\u015ftirilecek. Etkinlik, sekt\u00f6r\u00fcn \u00f6nde gelen payda\u015flar\u0131n\u0131 bir araya getirecek.<\/p>\n<h2><img loading=\"lazy\" decoding=\"async\" alt=\"81 ile dron \u00fcretim merkezi! T\u00fcrkiye dron \u00fcss\u00fc olacak!\" class=\"mx-auto max-w-full h-auto shadow-sm\" height=\"900\" src=\"https:\/\/www.urfahaber.com\/images\/uploads\/2026\/04\/haber-69ef1c3f9a597.jpg\" width=\"1200\" \/><strong>5\u2019\u0130NC\u0130 KEZ D\u00dcZENLEN\u0130YOR\u00a0<\/strong><\/h2>\n<p>Bu y\u0131l be\u015finci kez organize edilen fuar\u0131n tan\u0131t\u0131m toplant\u0131s\u0131 \u0130stanbul\u2019da yap\u0131ld\u0131. Toplant\u0131ya Haluk Bayraktar\u2019\u0131n yan\u0131 s\u0131ra SAHA \u0130stanbul y\u00f6netimi, savunma sanayisi temsilcileri ve bas\u0131n mensuplar\u0131 kat\u0131ld\u0131.<\/p>\n<p>Bayraktar, SAHA \u0130stanbul\u2019un 27 \u00fcyeyle ba\u015flad\u0131\u011f\u0131 yolculu\u011fun bug\u00fcn 1300\u2019\u00fc a\u015fk\u0131n \u00fcyeye ula\u015ft\u0131\u011f\u0131n\u0131 ve Avrupa\u2019n\u0131n en b\u00fcy\u00fck sanayi k\u00fcmelenmelerinden biri haline geldi\u011fini ifade etti.<\/p>\n<h2><strong>170 F\u0130RMADAN 1700 F\u0130RMAYA\u00a0<\/strong><\/h2>\n<p>\u0130lk kez 2018 y\u0131l\u0131nda d\u00fczenlenen fuar\u0131n ba\u015flang\u0131\u00e7ta 5 bin metrekare alanda ve 170 firmayla ger\u00e7ekle\u015ftirildi\u011fini hat\u0131rlatan Bayraktar, o d\u00f6nemde yabanc\u0131 kat\u0131l\u0131m\u0131n bulunmad\u0131\u011f\u0131n\u0131 belirtti.<\/p>\n<p>SAHA 2026\u2019da ise 1700\u2019den fazla firman\u0131n yer almas\u0131 bekleniyor. Bu firmalar\u0131n 260\u2019tan fazlas\u0131n\u0131 yabanc\u0131 kat\u0131l\u0131mc\u0131lar olu\u015fturacak.<\/p>\n<h2><strong>Z\u0130YARET\u00c7\u0130 SAYISINDA 20 KAT ARTI\u015e BEKLEN\u0130YOR<\/strong><\/h2>\n<p>\u0130lk fuarda 10 bin ziyaret\u00e7i a\u011f\u0131rland\u0131\u011f\u0131n\u0131 s\u00f6yleyen Bayraktar, bu y\u0131l hedefin \u00e7ok daha y\u00fcksek oldu\u011funu belirtti. SAHA 2026 i\u00e7in 200 bini a\u015fk\u0131n ziyaret\u00e7i bekleniyor. Bu da organizasyonun y\u0131llar i\u00e7inde yakla\u015f\u0131k 20 kat b\u00fcy\u00fcd\u00fc\u011f\u00fcn\u00fc ortaya koyuyor.<\/p>\n","protected":false},"excerpt":{"rendered":"<p>SAHA \u0130stanbul Y\u00f6netim Kurulu Ba\u015fkan\u0131\u00a0Haluk Bayraktar, SAHA \u0130stanbul\u2019un 2026 fuar\u0131ndan elde edilecek gelirleri T\u00fcrkiye genelinde&#8230;<\/p>\n","protected":false},"author":1,"featured_media":0,"comment_status":"closed","ping_status":"closed","sticky":false,"template":"","format":"standard","meta":{"footnotes":""},"categories":[1],"tags":[],"class_list":["post-4831","post","type-post","status-publish","format-standard","hentry","category-guncel-haberler"],"_links":{"self":[{"href":"https:\/\/manseturfa.com\/index.php?rest_route=\/wp\/v2\/posts\/4831","targetHints":{"allow":["GET"]}}],"collection":[{"href":"https:\/\/manseturfa.com\/index.php?rest_route=\/wp\/v2\/posts"}],"about":[{"href":"https:\/\/manseturfa.com\/index.php?rest_route=\/wp\/v2\/types\/post"}],"author":[{"embeddable":true,"href":"https:\/\/manseturfa.com\/index.php?rest_route=\/wp\/v2\/users\/1"}],"replies":[{"embeddable":true,"href":"https:\/\/manseturfa.com\/index.php?rest_route=%2Fwp%2Fv2%2Fcomments&post=4831"}],"version-history":[{"count":0,"href":"https:\/\/manseturfa.com\/index.php?rest_route=\/wp\/v2\/posts\/4831\/revisions"}],"wp:attachment":[{"href":"https:\/\/manseturfa.com\/index.php?rest_route=%2Fwp%2Fv2%2Fmedia&parent=4831"}],"wp:term":[{"taxonomy":"category","embeddable":true,"href":"https:\/\/manseturfa.com\/index.php?rest_route=%2Fwp%2Fv2%2Fcategories&post=4831"},{"taxonomy":"post_tag","embeddable":true,"href":"https:\/\/manseturfa.com\/index.php?rest_route=%2Fwp%2Fv2%2Ftags&post=4831"}],"curies":[{"name":"wp","href":"https:\/\/api.w.org\/{rel}","templated":true}]}}