{"id":4834,"date":"2026-04-27T10:28:14","date_gmt":"2026-04-27T10:28:14","guid":{"rendered":"https:\/\/manseturfa.com\/?p=4834"},"modified":"2026-04-27T10:28:14","modified_gmt":"2026-04-27T10:28:14","slug":"1-mayis-oncesi-urfadan-birlik-ve-dayanisma-cagrisi","status":"publish","type":"post","link":"https:\/\/manseturfa.com\/?p=4834","title":{"rendered":"1 May\u0131s \u00f6ncesi Urfa\u2019dan birlik ve dayan\u0131\u015fma \u00e7a\u011fr\u0131s\u0131!"},"content":{"rendered":"<p>Urfa Emek ve Demokrasi Platformu, 1 May\u0131s Birlik, M\u00fccadele ve Dayan\u0131\u015fma G\u00fcn\u00fc dolay\u0131s\u0131yla yapt\u0131\u011f\u0131 a\u00e7\u0131klamada, i\u015f\u00e7ileri, emek\u00e7ileri ve toplumun t\u00fcm kesimlerini Cuma g\u00fcn\u00fc ger\u00e7ekle\u015ftirilecek kutlamalara kat\u0131lmaya \u00e7a\u011f\u0131rd\u0131.<\/p>\n<p>\u015eanl\u0131urfa Barosu&#8217;nda yap\u0131lan a\u00e7\u0131klamada, derinle\u015fen ekonomik kriz kar\u015f\u0131s\u0131nda yoksulla\u015fan emek\u00e7ilerin, g\u00fcvencesiz \u00e7al\u0131\u015fma ko\u015fullar\u0131na mahkum edilen i\u015f\u00e7ilerin ve haklar\u0131 gasp edilen milyonlar\u0131n sesini y\u00fckseltmesi gerekti\u011fi vurguland\u0131.<\/p>\n<p>Platform ad\u0131na bas\u0131n a\u00e7\u0131klamas\u0131 yapan \u015eanl\u0131urfa Baro Ba\u015fkan\u0131 Abdullah \u00d6ncel \u015fu ifadeleri kulland\u0131:\u00a0<\/p>\n<p>&#8220;Urfa Emek ve Demokrasi Platformu olarak; eme\u011fin, al\u0131n terinin, e\u015fitli\u011fin ve adaletin g\u00fcn\u00fc olan 1 May\u0131s&#8217;ta alanlarda olaca\u011f\u0131m\u0131z\u0131 bir kez daha ilan ediyoruz.<\/p>\n<p>Ba\u015fta t\u00fcm siyasi partiler, i\u015f\u00e7i sendikalar\u0131, meslek odalar\u0131, demokratik kitle \u00f6rg\u00fctleri ve emekten yana olan herkesi; Cuma g\u00fcn\u00fc ger\u00e7ekle\u015ftirilecek 1 May\u0131s Birlik, M\u00fccadele ve Dayan\u0131\u015fma G\u00fcn\u00fc kutlamas\u0131na kat\u0131lmaya davet ediyoruz.<\/p>\n<p>Bug\u00fcn; derinle\u015fen ekonomik kriz kar\u015f\u0131s\u0131nda yoksulla\u015ft\u0131r\u0131lan i\u015f\u00e7ilerin, g\u00fcvencesizli\u011fe mahk\u00fbm edilen emek\u00e7ilerin, hakk\u0131 gasp edilen milyonlar\u0131n sesini y\u00fckseltme g\u00fcn\u00fcd\u00fcr. 1 May\u0131s, sadece bir anma de\u011fil; s\u00f6m\u00fcr\u00fcye, adaletsizli\u011fe ve e\u015fitsizli\u011fe kar\u015f\u0131 ortak m\u00fccadele iradesinin ortaya konuldu\u011fu tarihsel bir duru\u015ftur.<\/p>\n<p>Bu nedenle \u00e7a\u011fr\u0131m\u0131z nettir:<\/p>\n<p>Eme\u011fin onuruna sahip \u00e7\u0131kmak, haklar\u0131m\u0131z\u0131 savunmak ve insanca bir ya\u015fam talebini b\u00fcy\u00fctmek i\u00e7in t\u00fcm kesimleri alanlara davet ediyoruz.<\/p>\n<p>Gelin, birlik olal\u0131m.<\/p>\n<p>Gelin, dayan\u0131\u015fmay\u0131 b\u00fcy\u00fctelim.<\/p>\n<p>Gelin, 1 May\u0131s&#8217;ta omuz omuza verelim.<\/p>\n<p>Ya\u015fas\u0131n 1 May\u0131s!<\/p>\n<p>Ya\u015fas\u0131n emek, bar\u0131\u015f ve demokrasi m\u00fccadelemiz!<\/p>\n<p>Urfa Emek ve Demokrasi Platformu.&#8221;<\/p>\n","protected":false},"excerpt":{"rendered":"<p>Urfa Emek ve Demokrasi Platformu, 1 May\u0131s Birlik, M\u00fccadele ve Dayan\u0131\u015fma G\u00fcn\u00fc dolay\u0131s\u0131yla yapt\u0131\u011f\u0131 a\u00e7\u0131klamada,&#8230;<\/p>\n","protected":false},"author":1,"featured_media":0,"comment_status":"closed","ping_status":"closed","sticky":false,"template":"","format":"standard","meta":{"footnotes":""},"categories":[1],"tags":[],"class_list":["post-4834","post","type-post","status-publish","format-standard","hentry","category-guncel-haberler"],"_links":{"self":[{"href":"https:\/\/manseturfa.com\/index.php?rest_route=\/wp\/v2\/posts\/4834","targetHints":{"allow":["GET"]}}],"collection":[{"href":"https:\/\/manseturfa.com\/index.php?rest_route=\/wp\/v2\/posts"}],"about":[{"href":"https:\/\/manseturfa.com\/index.php?rest_route=\/wp\/v2\/types\/post"}],"author":[{"embeddable":true,"href":"https:\/\/manseturfa.com\/index.php?rest_route=\/wp\/v2\/users\/1"}],"replies":[{"embeddable":true,"href":"https:\/\/manseturfa.com\/index.php?rest_route=%2Fwp%2Fv2%2Fcomments&post=4834"}],"version-history":[{"count":0,"href":"https:\/\/manseturfa.com\/index.php?rest_route=\/wp\/v2\/posts\/4834\/revisions"}],"wp:attachment":[{"href":"https:\/\/manseturfa.com\/index.php?rest_route=%2Fwp%2Fv2%2Fmedia&parent=4834"}],"wp:term":[{"taxonomy":"category","embeddable":true,"href":"https:\/\/manseturfa.com\/index.php?rest_route=%2Fwp%2Fv2%2Fcategories&post=4834"},{"taxonomy":"post_tag","embeddable":true,"href":"https:\/\/manseturfa.com\/index.php?rest_route=%2Fwp%2Fv2%2Ftags&post=4834"}],"curies":[{"name":"wp","href":"https:\/\/api.w.org\/{rel}","templated":true}]}}