{"id":4835,"date":"2026-04-27T10:25:14","date_gmt":"2026-04-27T10:25:14","guid":{"rendered":"https:\/\/manseturfa.com\/?p=4835"},"modified":"2026-04-27T10:25:14","modified_gmt":"2026-04-27T10:25:14","slug":"urfada-feci-kaza-olu-ve-yaralilar-var","status":"publish","type":"post","link":"https:\/\/manseturfa.com\/?p=4835","title":{"rendered":"Urfa&#8217;da feci kaza: \u00d6l\u00fc ve yaral\u0131lar var"},"content":{"rendered":"<p>Edilen bilgiye g\u00f6re kaza, d\u00fcn ak\u015fam saatlerinde \u015eanl\u0131urfa &#8211; Ak\u00e7akale kara yolunun 25&#8217;inci kilometresinde ya\u015fand\u0131. Ahmet \u00c7.&#8217;nin kulland\u0131\u011f\u0131 06 CEV 415 plakal\u0131 otomobil ile Mehmet Can U.&#8217;nun kulland\u0131\u011f\u0131 34 PB 9140 plakal\u0131 otomobil \u00e7arp\u0131\u015ft\u0131. Kaza nedeniyle b\u00f6lgeye \u00e7ok say\u0131da itfaiye ekibi ile ambulans sevk edildi.<\/p>\n<p><img loading=\"lazy\" decoding=\"async\" alt=\"G\u00f6rsel\" class=\"mx-auto max-w-full h-auto shadow-sm\" height=\"468\" src=\"https:\/\/www.urfahaber.com\/images\/uploads\/2026\/04\/kaza-ara1-69ef3906ed4f9.jpg\" width=\"834\" \/><\/p>\n<p>Olay yerine giden itfaiye ekipleri, ara\u00e7larda s\u0131k\u0131\u015fan 4 yaral\u0131y\u0131 \u00e7\u0131kartarak sa\u011fl\u0131k ekiplerine teslim etti. \u0130lk m\u00fcdahaleleri olay yerinde yap\u0131lan yaral\u0131lar, ambulanslarla \u015eanl\u0131urfa E\u011fitim ve Ara\u015ft\u0131rma Hastanesi&#8217;ne sevk edildi.<\/p>\n<p><img loading=\"lazy\" decoding=\"async\" alt=\"G\u00f6rsel\" class=\"mx-auto max-w-full h-auto shadow-sm\" height=\"476\" src=\"https:\/\/www.urfahaber.com\/images\/uploads\/2026\/04\/kaza-arr2-69ef3912d48c1.jpg\" width=\"848\" \/><\/p>\n<h2>2 K\u0130\u015e\u0130 HAYATINI KAYBETT\u0130<\/h2>\n<p>\u015eanl\u0131urfa E\u011fitim ve Ara\u015ft\u0131rma Hastanesi&#8217;nde tedavi alt\u0131na al\u0131nan yaral\u0131lardan Abd\u00fclhamit G\u00fcnyar (17) ile \u00d6mer Faruk \u00c7ubuk (15) hayat\u0131n\u0131 kaybetti. Cesetler, otopsi yap\u0131lmak \u00fczere \u015eanl\u0131urfa Adli T\u0131p Kurumu Morgu&#8217;na g\u00f6nderildi.<\/p>\n<p><img loading=\"lazy\" decoding=\"async\" alt=\"G\u00f6rsel\" class=\"mx-auto max-w-full h-auto shadow-sm\" height=\"705\" src=\"https:\/\/www.urfahaber.com\/images\/uploads\/2026\/04\/kaza-aarrarra3-69ef39216e220.jpg\" width=\"964\" \/><\/p>\n<p>Kazayla ilgili soru\u015fturma devam ediyor.<\/p>\n<p>Kaynak: \u0130HA<\/p>\n","protected":false},"excerpt":{"rendered":"<p>Edilen bilgiye g\u00f6re kaza, d\u00fcn ak\u015fam saatlerinde \u015eanl\u0131urfa &#8211; Ak\u00e7akale kara yolunun 25&#8217;inci kilometresinde ya\u015fand\u0131&#8230;.<\/p>\n","protected":false},"author":1,"featured_media":0,"comment_status":"closed","ping_status":"closed","sticky":false,"template":"","format":"standard","meta":{"footnotes":""},"categories":[1],"tags":[],"class_list":["post-4835","post","type-post","status-publish","format-standard","hentry","category-guncel-haberler"],"_links":{"self":[{"href":"https:\/\/manseturfa.com\/index.php?rest_route=\/wp\/v2\/posts\/4835","targetHints":{"allow":["GET"]}}],"collection":[{"href":"https:\/\/manseturfa.com\/index.php?rest_route=\/wp\/v2\/posts"}],"about":[{"href":"https:\/\/manseturfa.com\/index.php?rest_route=\/wp\/v2\/types\/post"}],"author":[{"embeddable":true,"href":"https:\/\/manseturfa.com\/index.php?rest_route=\/wp\/v2\/users\/1"}],"replies":[{"embeddable":true,"href":"https:\/\/manseturfa.com\/index.php?rest_route=%2Fwp%2Fv2%2Fcomments&post=4835"}],"version-history":[{"count":0,"href":"https:\/\/manseturfa.com\/index.php?rest_route=\/wp\/v2\/posts\/4835\/revisions"}],"wp:attachment":[{"href":"https:\/\/manseturfa.com\/index.php?rest_route=%2Fwp%2Fv2%2Fmedia&parent=4835"}],"wp:term":[{"taxonomy":"category","embeddable":true,"href":"https:\/\/manseturfa.com\/index.php?rest_route=%2Fwp%2Fv2%2Fcategories&post=4835"},{"taxonomy":"post_tag","embeddable":true,"href":"https:\/\/manseturfa.com\/index.php?rest_route=%2Fwp%2Fv2%2Ftags&post=4835"}],"curies":[{"name":"wp","href":"https:\/\/api.w.org\/{rel}","templated":true}]}}