{"id":4838,"date":"2026-04-27T11:05:36","date_gmt":"2026-04-27T11:05:36","guid":{"rendered":"https:\/\/manseturfa.com\/?p=4838"},"modified":"2026-04-27T11:05:36","modified_gmt":"2026-04-27T11:05:36","slug":"halfeti-operasyonu-zanlilari-adliyede-kelepceli-eski-baskan-albayraktan-gundem-yaratan-cikis","status":"publish","type":"post","link":"https:\/\/manseturfa.com\/?p=4838","title":{"rendered":"Halfeti operasyonu zanl\u0131lar\u0131 adliyede! Kelep\u00e7eli eski ba\u015fkan Albayrak\u2019tan g\u00fcndem yaratan \u00e7\u0131k\u0131\u015f!"},"content":{"rendered":"<p>\u015eanl\u0131urfa \u0130l Emniyet M\u00fcd\u00fcrl\u00fc\u011f\u00fc Ka\u00e7ak\u00e7\u0131l\u0131k ve Organize Su\u00e7larla M\u00fccadele \u015eube M\u00fcd\u00fcrl\u00fc\u011f\u00fc (KOM) ekipleri taraf\u0131ndan Halfeti Belediyesine y\u00f6nelik ger\u00e7ekle\u015ftirilen ihale ve yolsuzluk operasyonunda g\u00f6zalt\u0131na al\u0131nan ve aralar\u0131nda eski ba\u015fkan \u015eeref Albayrak&#8217;\u0131n da oldu\u011fu zanl\u0131lar\u0131n emniyetteki i\u015flemleri tamamland\u0131.<\/p>\n<h2><img loading=\"lazy\" decoding=\"async\" alt=\"Halfeti operasyonu zanl\u0131lar\u0131 adliyede! Kelep\u00e7eli eski ba\u015fkan Albayrak\u2019tan g\u00fcndem yaratan \u00e7\u0131k\u0131\u015f!\" class=\"mx-auto max-w-full h-auto shadow-sm\" height=\"900\" src=\"https:\/\/www.urfahaber.com\/images\/uploads\/2026\/04\/haber-69ef429b6f0ba.jpg\" width=\"1200\" \/><strong>ZANLILARDAN 4&#8217;\u00dc SERBEST BIRAKILDI\u00a0<\/strong><\/h2>\n<p>\u0130fadeleri al\u0131na zanl\u0131lar\u0131n 4&#8217;\u00fc emniyet ekipleri taraf\u0131ndan serbest b\u0131rak\u0131l\u0131rken 46 zanl\u0131 ise \u015eanl\u0131urfa \u0130l Emniyet M\u00fcd\u00fcrl\u00fc\u011f\u00fc Ka\u00e7ak\u00e7\u0131l\u0131k ve Organize Su\u00e7lar \u015eube M\u00fcd\u00fcrl\u00fc\u011f\u00fcndeki i\u015flemlerinin ard\u0131ndan otob\u00fcslere bindirilerek Birecik il\u00e7esine g\u00f6t\u00fcr\u00fcld\u00fc.<\/p>\n<h2><img loading=\"lazy\" decoding=\"async\" alt=\"Halfeti operasyonu zanl\u0131lar\u0131 adliyede! Kelep\u00e7eli eski ba\u015fkan Albayrak\u2019tan g\u00fcndem yaratan \u00e7\u0131k\u0131\u015f!\" class=\"mx-auto max-w-full h-auto shadow-sm\" height=\"900\" src=\"https:\/\/www.urfahaber.com\/images\/uploads\/2026\/04\/sondakika-69ef42ac04629.jpg\" width=\"1200\" \/><strong>ALBAYRAK: KELEP\u00c7E TAKANLAR UTANSIN<\/strong><\/h2>\n<p>Ellerinde kelep\u00e7elerle polis e\u015fli\u011finde Birecik Adliyesine \u00e7\u0131kart\u0131lan Halfeti eski Belediye Ba\u015fkan\u0131 \u015eeref Albayrak, &#8220;\u00d6rg\u00fct ba\u015f\u0131n\u0131n memleketinde se\u00e7im kazananlara kelep\u00e7e takanlar utans\u0131n. \u0130mamo\u011flu&#8217;na kelep\u00e7e takmayanlar, \u015eeref Albayrak&#8217;a kelep\u00e7e takt\u0131lar&#8221; diye ba\u011f\u0131rd\u0131.<\/p>\n<p><img loading=\"lazy\" decoding=\"async\" alt=\"Halfeti operasyonu zanl\u0131lar\u0131 adliyede! Kelep\u00e7eli eski ba\u015fkan Albayrak\u2019tan g\u00fcndem yaratan \u00e7\u0131k\u0131\u015f!\" class=\"mx-auto max-w-full h-auto shadow-sm\" height=\"900\" src=\"https:\/\/www.urfahaber.com\/images\/uploads\/2026\/04\/asayis-69ef42ef053f0.jpg\" width=\"1200\" \/>Kaynak: \u0130HA\u00a0<\/p>\n<p>\u00a0<\/p>\n","protected":false},"excerpt":{"rendered":"<p>\u015eanl\u0131urfa \u0130l Emniyet M\u00fcd\u00fcrl\u00fc\u011f\u00fc Ka\u00e7ak\u00e7\u0131l\u0131k ve Organize Su\u00e7larla M\u00fccadele \u015eube M\u00fcd\u00fcrl\u00fc\u011f\u00fc (KOM) ekipleri taraf\u0131ndan Halfeti&#8230;<\/p>\n","protected":false},"author":1,"featured_media":0,"comment_status":"closed","ping_status":"closed","sticky":false,"template":"","format":"standard","meta":{"footnotes":""},"categories":[1],"tags":[],"class_list":["post-4838","post","type-post","status-publish","format-standard","hentry","category-guncel-haberler"],"_links":{"self":[{"href":"https:\/\/manseturfa.com\/index.php?rest_route=\/wp\/v2\/posts\/4838","targetHints":{"allow":["GET"]}}],"collection":[{"href":"https:\/\/manseturfa.com\/index.php?rest_route=\/wp\/v2\/posts"}],"about":[{"href":"https:\/\/manseturfa.com\/index.php?rest_route=\/wp\/v2\/types\/post"}],"author":[{"embeddable":true,"href":"https:\/\/manseturfa.com\/index.php?rest_route=\/wp\/v2\/users\/1"}],"replies":[{"embeddable":true,"href":"https:\/\/manseturfa.com\/index.php?rest_route=%2Fwp%2Fv2%2Fcomments&post=4838"}],"version-history":[{"count":0,"href":"https:\/\/manseturfa.com\/index.php?rest_route=\/wp\/v2\/posts\/4838\/revisions"}],"wp:attachment":[{"href":"https:\/\/manseturfa.com\/index.php?rest_route=%2Fwp%2Fv2%2Fmedia&parent=4838"}],"wp:term":[{"taxonomy":"category","embeddable":true,"href":"https:\/\/manseturfa.com\/index.php?rest_route=%2Fwp%2Fv2%2Fcategories&post=4838"},{"taxonomy":"post_tag","embeddable":true,"href":"https:\/\/manseturfa.com\/index.php?rest_route=%2Fwp%2Fv2%2Ftags&post=4838"}],"curies":[{"name":"wp","href":"https:\/\/api.w.org\/{rel}","templated":true}]}}