{"id":4871,"date":"2026-04-28T10:24:21","date_gmt":"2026-04-28T10:24:21","guid":{"rendered":"https:\/\/manseturfa.com\/?p=4871"},"modified":"2026-04-28T10:24:21","modified_gmt":"2026-04-28T10:24:21","slug":"tefecilere-safak-operasyonu","status":"publish","type":"post","link":"https:\/\/manseturfa.com\/?p=4871","title":{"rendered":"Tefecilere \u015fafak operasyonu!"},"content":{"rendered":"<p>Konya&#8217;da emlak\u00e7\u0131 ve oto galerici g\u00f6r\u00fcn\u00fcm\u00fc alt\u0131nda tefecilik yapt\u0131\u011f\u0131 tespit edilen \u015fah\u0131slara y\u00f6nelik Konya Cumhuriyet Ba\u015fsavc\u0131l\u0131\u011f\u0131 koordinesinde, Konya \u0130l Emniyet M\u00fcd\u00fcrl\u00fc\u011f\u00fc ekiplerince e\u015f zamanl\u0131 \u015fafak operasyonu d\u00fczenlendi. Operasyonda 4 \u015f\u00fcpheli g\u00f6zalt\u0131na al\u0131n\u0131rken, piyasa de\u011feri yakla\u015f\u0131k 33 milyon TL olan ziynet e\u015fyas\u0131 ve nakit para ile \u00e7ok say\u0131da senet ele ge\u00e7irildi.<\/p>\n<p><img loading=\"lazy\" decoding=\"async\" alt=\"G\u00f6rsel\" class=\"mx-auto max-w-full h-auto shadow-sm\" height=\"605\" src=\"https:\/\/www.urfahaber.com\/images\/uploads\/2026\/04\/tefeci-ara3-69f08a63e3a50.jpg\" width=\"844\" \/><\/p>\n<p>Konya \u0130l Emniyet M\u00fcd\u00fcrl\u00fc\u011f\u00fc Ka\u00e7ak\u00e7\u0131l\u0131k ve Organize Su\u00e7larla M\u00fccadele (KOM) \u015eube M\u00fcd\u00fcrl\u00fc\u011f\u00fc ekipleri, kent merkezinde tefecilik yaparak haks\u0131z kazan\u00e7 sa\u011flad\u0131\u011f\u0131 tespit edilen \u015f\u00fcphelilere y\u00f6nelik geni\u015f kapsaml\u0131 bir \u00e7al\u0131\u015fma ba\u015flatt\u0131. KOM ekipleri taraf\u0131ndan y\u00fcr\u00fct\u00fclen planl\u0131 teknik ve fiziki takibin ard\u0131ndan, emlak\u00e7\u0131l\u0131k ve oto galericilik g\u00f6r\u00fcn\u00fcm\u00fc alt\u0131nda vatanda\u015flar\u0131 ma\u011fdur etti\u011fi belirlenen 4 \u015f\u00fcpheliye y\u00f6nelik d\u00fc\u011fmeye bas\u0131ld\u0131. Saat 06.30&#8217;da d\u00fczenlenen e\u015f zamanl\u0131 operasyonda, belirlenen adreslere bask\u0131n yap\u0131ld\u0131.<\/p>\n<p><img loading=\"lazy\" decoding=\"async\" alt=\"G\u00f6rsel\" class=\"mx-auto max-w-full h-auto shadow-sm\" height=\"470\" src=\"https:\/\/www.urfahaber.com\/images\/uploads\/2026\/04\/tefeci-ara1-69f08a773e2d7.jpg\" width=\"828\" \/><\/p>\n<h2>YAPILAN ARAMALARDA SERVET DE\u011eER\u0130NDE ALTIN VE NAK\u0130T PARA \u00c7IKTI<\/h2>\n<p>Operasyon kapsam\u0131nda hedef al\u0131nan 4 \u015f\u00fcphelinin tamam\u0131 yakalanarak g\u00f6zalt\u0131na al\u0131nd\u0131. \u015e\u00fcphelilerin ikamet ve i\u015f yerlerinde yap\u0131lan aramalarda, piyasa de\u011feri yakla\u015f\u0131k 30 milyon TL olan ziynet e\u015fyas\u0131, 3 milyon TL ve 665 euro nakit para, 422 adet senet ve 5 adet \u00e7ek, 384 adet uyu\u015fturucu hap, 1 adet ruhsats\u0131z av t\u00fcfe\u011fi ve \u00e7ok say\u0131da dijital materyale el konuldu. G\u00f6zalt\u0131na al\u0131nan \u015f\u00fcpheliler, i\u015flemleri yap\u0131lmak \u00fczere KOM \u015eube M\u00fcd\u00fcrl\u00fc\u011f\u00fc&#8217;ne g\u00f6t\u00fcr\u00fcld\u00fc.<\/p>\n<p><img loading=\"lazy\" decoding=\"async\" alt=\"G\u00f6rsel\" class=\"mx-auto max-w-full h-auto shadow-sm\" height=\"477\" src=\"https:\/\/www.urfahaber.com\/images\/uploads\/2026\/04\/tefeci-ara2-69f08a835545b.jpg\" width=\"839\" \/><\/p>\n<p>Konya Cumhuriyet Ba\u015fsavc\u0131l\u0131\u011f\u0131 ve Konya \u0130l Emniyet M\u00fcd\u00fcrl\u00fc\u011f\u00fc yetkilileri, vatanda\u015flar\u0131n ma\u011fduriyetine yol a\u00e7an organize su\u00e7 gruplar\u0131na ve tefecilere y\u00f6nelik operasyonlar\u0131n kararl\u0131l\u0131kla s\u00fcrece\u011fini bildirdi.<\/p>\n<p>Kaynak: \u0130HA<\/p>\n","protected":false},"excerpt":{"rendered":"<p>Konya&#8217;da emlak\u00e7\u0131 ve oto galerici g\u00f6r\u00fcn\u00fcm\u00fc alt\u0131nda tefecilik yapt\u0131\u011f\u0131 tespit edilen \u015fah\u0131slara y\u00f6nelik Konya Cumhuriyet&#8230;<\/p>\n","protected":false},"author":1,"featured_media":0,"comment_status":"closed","ping_status":"closed","sticky":false,"template":"","format":"standard","meta":{"footnotes":""},"categories":[1],"tags":[],"class_list":["post-4871","post","type-post","status-publish","format-standard","hentry","category-guncel-haberler"],"_links":{"self":[{"href":"https:\/\/manseturfa.com\/index.php?rest_route=\/wp\/v2\/posts\/4871","targetHints":{"allow":["GET"]}}],"collection":[{"href":"https:\/\/manseturfa.com\/index.php?rest_route=\/wp\/v2\/posts"}],"about":[{"href":"https:\/\/manseturfa.com\/index.php?rest_route=\/wp\/v2\/types\/post"}],"author":[{"embeddable":true,"href":"https:\/\/manseturfa.com\/index.php?rest_route=\/wp\/v2\/users\/1"}],"replies":[{"embeddable":true,"href":"https:\/\/manseturfa.com\/index.php?rest_route=%2Fwp%2Fv2%2Fcomments&post=4871"}],"version-history":[{"count":0,"href":"https:\/\/manseturfa.com\/index.php?rest_route=\/wp\/v2\/posts\/4871\/revisions"}],"wp:attachment":[{"href":"https:\/\/manseturfa.com\/index.php?rest_route=%2Fwp%2Fv2%2Fmedia&parent=4871"}],"wp:term":[{"taxonomy":"category","embeddable":true,"href":"https:\/\/manseturfa.com\/index.php?rest_route=%2Fwp%2Fv2%2Fcategories&post=4871"},{"taxonomy":"post_tag","embeddable":true,"href":"https:\/\/manseturfa.com\/index.php?rest_route=%2Fwp%2Fv2%2Ftags&post=4871"}],"curies":[{"name":"wp","href":"https:\/\/api.w.org\/{rel}","templated":true}]}}