{"id":4875,"date":"2026-04-28T12:39:56","date_gmt":"2026-04-28T12:39:56","guid":{"rendered":"https:\/\/manseturfa.com\/?p=4875"},"modified":"2026-04-28T12:39:56","modified_gmt":"2026-04-28T12:39:56","slug":"muglada-play-off-maci-oncesi-birlik-cagrisi","status":"publish","type":"post","link":"https:\/\/manseturfa.com\/?p=4875","title":{"rendered":"Mu\u011fla\u2019da play-off ma\u00e7\u0131 \u00f6ncesi birlik \u00e7a\u011fr\u0131s\u0131!"},"content":{"rendered":"<p>Mu\u011flaspor, Per\u015fembe g\u00fcn\u00fc\u00a0\u015eanl\u0131urfa\u2019da oynayaca\u011f\u0131 kritik play-off kar\u015f\u0131la\u015fmas\u0131na haz\u0131rlan\u0131rken, Kul\u00fcp Ba\u015fkan\u0131 Menaf K\u0131yan\u00e7 a\u00e7\u0131klamalar yapt\u0131. Tak\u0131m\u0131n Teknik Direkt\u00f6r Mustafa Sar\u0131g\u00fcl y\u00f6netiminde \u00e7al\u0131\u015fmalar\u0131n\u0131 yo\u011fun tempoda s\u00fcrd\u00fcrd\u00fc\u011f\u00fcn\u00fc belirten K\u0131yan\u00e7, Mu\u011fla\u2019n\u0131n art\u0131k tek y\u00fcrek olmas\u0131 gerekti\u011fini s\u00f6yledi.<\/p>\n<h2><strong>\u0130\u015e \u0130NSANLARINA DESTEK \u00c7A\u011eRISI<\/strong><\/h2>\n<p>K\u0131yan\u00e7, &#8220;Bug\u00fcn ayr\u0131l\u0131klar\u0131 de\u011fil, birlikteli\u011fi konu\u015fma zaman\u0131d\u0131r. Mu\u011flaspor bu kentin ortak de\u011feridir. \u015eimdi el ele verme, omuz omuza durma zaman\u0131d\u0131r. T\u00fcm i\u015f insanlar\u0131m\u0131z\u0131, esnaf\u0131m\u0131z\u0131 ve Mu\u011flaspor sevdal\u0131lar\u0131n\u0131 kul\u00fcb\u00fcm\u00fcze destek olmaya davet ediyorum&#8221; dedi.<\/p>\n<p><img loading=\"lazy\" decoding=\"async\" alt=\"Mu\u011fla\u2019da play-off ma\u00e7\u0131 \u00f6ncesi birlik \u00e7a\u011fr\u0131s\u0131!\" class=\"mx-auto max-w-full h-auto shadow-sm\" height=\"675\" src=\"https:\/\/www.urfahaber.com\/images\/uploads\/2026\/04\/milli-egitim-bakanligindan-kahramanmarastaki-silahli-okul-saldirisiyla-ilgili-aciklama-69f0aaf4cf20d.webp\" width=\"1200\" \/><\/p>\n<p>\u015eampiyonluk pirimi deste\u011fi, saha reklam\u0131, loca reklam\u0131 konusunda da \u00e7a\u011fr\u0131da bulunan K\u0131yan\u00e7, &#8220;Tak\u0131m\u0131m\u0131z b\u00fcy\u00fck bir m\u00fccadele veriyor. Futbolcular\u0131m\u0131z\u0131n eme\u011fine destek olmak isteyen herkesi ta\u015f\u0131n alt\u0131na elini koymaya \u00e7a\u011f\u0131r\u0131yorum. Bu \u015fehri ye\u015fil beyaza boyayal\u0131m. \u0130nanc\u0131m\u0131z tam, hedefimiz play-off\u2019tan birinci \u00e7\u0131kmak&#8221; ifadelerini kulland\u0131.<\/p>\n<p>Ye\u015fil-beyazl\u0131 ekip,\u00a0\u015eanl\u0131urfa\u2019daki zorlu m\u00fccadeleden galibiyetle ayr\u0131larak \u00fcst lig yolunda \u00f6nemli bir avantaj elde etmeyi ama\u00e7l\u0131yor.<\/p>\n<p>kaynak:\u0130HA<\/p>\n","protected":false},"excerpt":{"rendered":"<p>Mu\u011flaspor, Per\u015fembe g\u00fcn\u00fc\u00a0\u015eanl\u0131urfa\u2019da oynayaca\u011f\u0131 kritik play-off kar\u015f\u0131la\u015fmas\u0131na haz\u0131rlan\u0131rken, Kul\u00fcp Ba\u015fkan\u0131 Menaf K\u0131yan\u00e7 a\u00e7\u0131klamalar yapt\u0131. Tak\u0131m\u0131n&#8230;<\/p>\n","protected":false},"author":1,"featured_media":0,"comment_status":"closed","ping_status":"closed","sticky":false,"template":"","format":"standard","meta":{"footnotes":""},"categories":[1],"tags":[],"class_list":["post-4875","post","type-post","status-publish","format-standard","hentry","category-guncel-haberler"],"_links":{"self":[{"href":"https:\/\/manseturfa.com\/index.php?rest_route=\/wp\/v2\/posts\/4875","targetHints":{"allow":["GET"]}}],"collection":[{"href":"https:\/\/manseturfa.com\/index.php?rest_route=\/wp\/v2\/posts"}],"about":[{"href":"https:\/\/manseturfa.com\/index.php?rest_route=\/wp\/v2\/types\/post"}],"author":[{"embeddable":true,"href":"https:\/\/manseturfa.com\/index.php?rest_route=\/wp\/v2\/users\/1"}],"replies":[{"embeddable":true,"href":"https:\/\/manseturfa.com\/index.php?rest_route=%2Fwp%2Fv2%2Fcomments&post=4875"}],"version-history":[{"count":0,"href":"https:\/\/manseturfa.com\/index.php?rest_route=\/wp\/v2\/posts\/4875\/revisions"}],"wp:attachment":[{"href":"https:\/\/manseturfa.com\/index.php?rest_route=%2Fwp%2Fv2%2Fmedia&parent=4875"}],"wp:term":[{"taxonomy":"category","embeddable":true,"href":"https:\/\/manseturfa.com\/index.php?rest_route=%2Fwp%2Fv2%2Fcategories&post=4875"},{"taxonomy":"post_tag","embeddable":true,"href":"https:\/\/manseturfa.com\/index.php?rest_route=%2Fwp%2Fv2%2Ftags&post=4875"}],"curies":[{"name":"wp","href":"https:\/\/api.w.org\/{rel}","templated":true}]}}