{"id":4880,"date":"2026-04-28T14:01:50","date_gmt":"2026-04-28T14:01:50","guid":{"rendered":"https:\/\/manseturfa.com\/?p=4880"},"modified":"2026-04-28T14:01:50","modified_gmt":"2026-04-28T14:01:50","slug":"siverek-karacadag-cevresinde-dolu-yagisi","status":"publish","type":"post","link":"https:\/\/manseturfa.com\/?p=4880","title":{"rendered":"Siverek Karacada\u011f \u00e7evresinde dolu ya\u011f\u0131\u015f\u0131!"},"content":{"rendered":"<p>\u015eanl\u0131urfa\u2019n\u0131n Siverek il\u00e7esine ba\u011fl\u0131 Karacada\u011f zirvesine yak\u0131n Karabah\u00e7e Mahallesi ve \u00e7evresinde \u00f6\u011fleden sonra etkili olan dolu ya\u011f\u0131\u015f\u0131, \u00f6zellikle y\u00fcksek rak\u0131ml\u0131 b\u00f6lgeleri beyaza b\u00fcr\u00fcd\u00fc.<\/p>\n<p>Aniden bast\u0131ran dolu, k\u0131rsal yerle\u015fimler ile tar\u0131m arazilerinde risk\u00a0olu\u015fturdu. Ara\u00e7lar\u0131yla yolda ilerleyen s\u00fcr\u00fcc\u00fcler de zor anlar ya\u015fad\u0131.<\/p>\n<p><img loading=\"lazy\" decoding=\"async\" alt=\"Siverek Karacada\u011f \u00e7evresinde dolu ya\u011f\u0131\u015f\u0131!\" class=\"mx-auto max-w-full h-auto shadow-sm\" height=\"653\" src=\"https:\/\/www.urfahaber.com\/images\/uploads\/2026\/04\/haber-69f0be3dbfb71.webp\" width=\"1093\" \/>Karacada\u011f eteklerinde bulunan Karabah\u00e7e Mahallesi\u2019nde ekili tarlalar dolu nedeniyle zarar g\u00f6rme tehlikesiyle kar\u015f\u0131 kar\u015f\u0131ya kal\u0131rken, k\u00f6y yollar\u0131 ve tar\u0131m alanlar\u0131 k\u0131sa s\u00fcrede beyaza b\u00fcr\u00fcnd\u00fc.<\/p>\n<p>Ya\u011f\u0131\u015f\u0131n ard\u0131ndan \u00fcreticiler, olu\u015fabilecek zarar konusunda endi\u015fe ya\u015fad\u0131.\u00a0<\/p>\n","protected":false},"excerpt":{"rendered":"<p>\u015eanl\u0131urfa\u2019n\u0131n Siverek il\u00e7esine ba\u011fl\u0131 Karacada\u011f zirvesine yak\u0131n Karabah\u00e7e Mahallesi ve \u00e7evresinde \u00f6\u011fleden sonra etkili olan&#8230;<\/p>\n","protected":false},"author":1,"featured_media":0,"comment_status":"closed","ping_status":"closed","sticky":false,"template":"","format":"standard","meta":{"footnotes":""},"categories":[1],"tags":[],"class_list":["post-4880","post","type-post","status-publish","format-standard","hentry","category-guncel-haberler"],"_links":{"self":[{"href":"https:\/\/manseturfa.com\/index.php?rest_route=\/wp\/v2\/posts\/4880","targetHints":{"allow":["GET"]}}],"collection":[{"href":"https:\/\/manseturfa.com\/index.php?rest_route=\/wp\/v2\/posts"}],"about":[{"href":"https:\/\/manseturfa.com\/index.php?rest_route=\/wp\/v2\/types\/post"}],"author":[{"embeddable":true,"href":"https:\/\/manseturfa.com\/index.php?rest_route=\/wp\/v2\/users\/1"}],"replies":[{"embeddable":true,"href":"https:\/\/manseturfa.com\/index.php?rest_route=%2Fwp%2Fv2%2Fcomments&post=4880"}],"version-history":[{"count":0,"href":"https:\/\/manseturfa.com\/index.php?rest_route=\/wp\/v2\/posts\/4880\/revisions"}],"wp:attachment":[{"href":"https:\/\/manseturfa.com\/index.php?rest_route=%2Fwp%2Fv2%2Fmedia&parent=4880"}],"wp:term":[{"taxonomy":"category","embeddable":true,"href":"https:\/\/manseturfa.com\/index.php?rest_route=%2Fwp%2Fv2%2Fcategories&post=4880"},{"taxonomy":"post_tag","embeddable":true,"href":"https:\/\/manseturfa.com\/index.php?rest_route=%2Fwp%2Fv2%2Ftags&post=4880"}],"curies":[{"name":"wp","href":"https:\/\/api.w.org\/{rel}","templated":true}]}}