{"id":4881,"date":"2026-04-28T14:03:59","date_gmt":"2026-04-28T14:03:59","guid":{"rendered":"https:\/\/manseturfa.com\/?p=4881"},"modified":"2026-04-28T14:03:59","modified_gmt":"2026-04-28T14:03:59","slug":"sanliurfada-kaza-olmustu-olu-ve-yaralilarin-kimlikleri-belli-oldu","status":"publish","type":"post","link":"https:\/\/manseturfa.com\/?p=4881","title":{"rendered":"\u015eanl\u0131urfa&#8217;da kaza olmu\u015ftu: \u00d6l\u00fc ve yaral\u0131lar\u0131n kimlikleri belli oldu!"},"content":{"rendered":"<p>Kaza, \u015eanl\u0131urfa-Gaziantep otoyolu\u00a0Birecik\u00a0\u0130l\u00e7esi\u00a0G\u00fcn\u0131\u015f\u0131\u011f\u0131 Mahallesi mevkiinde meydana geldi.<\/p>\n<h2><strong>3 ARA\u00c7 B\u0130RB\u0130R\u0130NE G\u0130RD\u0130<\/strong><\/h2>\n<p>\u0130ddiaya g\u00f6re, s\u00fcr\u00fcc\u00fcleri ve plakalar\u0131 hen\u00fcz belirlenemeyen 3 ara\u00e7, bilinmeyen bir nedenle \u00e7arp\u0131\u015ft\u0131. Kazan\u0131n \u015fiddetiyle ara\u00e7larda bulunan 3 ki\u015fi hayat\u0131n\u0131\u00a0 kaybetti 5 ki\u015fi ise yaraland\u0131.<\/p>\n<h2><strong>\u00d6L\u00dc VE YARALILARIN K\u0130ML\u0130\u011e\u0130 BELL\u0130 OLDU<\/strong><\/h2>\n<p>\u015eanl\u0131urfa\u2019da meydana gelen olayda yaralanan ve hayat\u0131n\u0131 kaybeden vatanda\u015flar\u0131n kimlikleri belli oldu. M\u00fcsl\u00fcm Mermer (54), \u0130dan Demir (50) ve Ebru Demir (22) genel durumlar\u0131n\u0131n orta oldu\u011fu belirtilirken, \u0130brahim Halil Y\u0131lmaz\u2019\u0131n (30) durumunun iyi oldu\u011fu \u00f6\u011frenildi. \u00d6te yandan Ebru Demir (25), kimli\u011fi hen\u00fcz belirlenemeyen bir kad\u0131n ve Mahmut K\u0131l\u0131\u00e7\u2019\u0131n (55) olay yerinde ya\u015fam\u0131n\u0131 yitirdi\u011fi, hayat\u0131n\u0131 kaybetti\u011fi bildirildi.<\/p>\n","protected":false},"excerpt":{"rendered":"<p>Kaza, \u015eanl\u0131urfa-Gaziantep otoyolu\u00a0Birecik\u00a0\u0130l\u00e7esi\u00a0G\u00fcn\u0131\u015f\u0131\u011f\u0131 Mahallesi mevkiinde meydana geldi. 3 ARA\u00c7 B\u0130RB\u0130R\u0130NE G\u0130RD\u0130 \u0130ddiaya g\u00f6re, s\u00fcr\u00fcc\u00fcleri ve&#8230;<\/p>\n","protected":false},"author":1,"featured_media":0,"comment_status":"closed","ping_status":"closed","sticky":false,"template":"","format":"standard","meta":{"footnotes":""},"categories":[1],"tags":[],"class_list":["post-4881","post","type-post","status-publish","format-standard","hentry","category-guncel-haberler"],"_links":{"self":[{"href":"https:\/\/manseturfa.com\/index.php?rest_route=\/wp\/v2\/posts\/4881","targetHints":{"allow":["GET"]}}],"collection":[{"href":"https:\/\/manseturfa.com\/index.php?rest_route=\/wp\/v2\/posts"}],"about":[{"href":"https:\/\/manseturfa.com\/index.php?rest_route=\/wp\/v2\/types\/post"}],"author":[{"embeddable":true,"href":"https:\/\/manseturfa.com\/index.php?rest_route=\/wp\/v2\/users\/1"}],"replies":[{"embeddable":true,"href":"https:\/\/manseturfa.com\/index.php?rest_route=%2Fwp%2Fv2%2Fcomments&post=4881"}],"version-history":[{"count":0,"href":"https:\/\/manseturfa.com\/index.php?rest_route=\/wp\/v2\/posts\/4881\/revisions"}],"wp:attachment":[{"href":"https:\/\/manseturfa.com\/index.php?rest_route=%2Fwp%2Fv2%2Fmedia&parent=4881"}],"wp:term":[{"taxonomy":"category","embeddable":true,"href":"https:\/\/manseturfa.com\/index.php?rest_route=%2Fwp%2Fv2%2Fcategories&post=4881"},{"taxonomy":"post_tag","embeddable":true,"href":"https:\/\/manseturfa.com\/index.php?rest_route=%2Fwp%2Fv2%2Ftags&post=4881"}],"curies":[{"name":"wp","href":"https:\/\/api.w.org\/{rel}","templated":true}]}}