{"id":4885,"date":"2026-04-28T16:40:41","date_gmt":"2026-04-28T16:40:41","guid":{"rendered":"https:\/\/manseturfa.com\/?p=4885"},"modified":"2026-04-28T16:40:41","modified_gmt":"2026-04-28T16:40:41","slug":"osmaniyede-pikap-alev-alev-yandi","status":"publish","type":"post","link":"https:\/\/manseturfa.com\/?p=4885","title":{"rendered":"Osmaniye\u2019de pikap alev alev yand\u0131!"},"content":{"rendered":"<p>Yang\u0131n, Osmaniye\u2019nin Bah\u00e7e il\u00e7esine ba\u011fl\u0131 Savranl\u0131 k\u00f6y\u00fc k\u00f6pr\u00fcs\u00fc mevkiinde meydana geldi. Edinilen bilgiye g\u00f6re, s\u00fcr\u00fcc\u00fc seyir halindeyken arac\u0131n\u0131n motor b\u00f6l\u00fcm\u00fcnden y\u00fckselen alevleri fark etti.<\/p>\n<p><img loading=\"lazy\" decoding=\"async\" alt=\"Osmaniye\u2019de pikap alev alev yand\u0131!\" class=\"mx-auto max-w-full h-auto shadow-sm\" height=\"900\" src=\"https:\/\/www.urfahaber.com\/images\/uploads\/2026\/04\/aw693411-01-69f0e3de845c0.jpg\" width=\"1200\" \/><\/p>\n<p><strong>DURUMU 112 AC\u0130L \u00c7A\u011eRI MERKEZ\u0130&#8217;NE B\u0130LD\u0130RD\u0130<\/strong><\/p>\n<p>Bunun \u00fczerine arac\u0131 yol kenar\u0131na \u00e7eken s\u00fcr\u00fcc\u00fc, durumu 112 Acil \u00c7a\u011fr\u0131 Merkezi\u2019ne bildirdi. K\u0131sa s\u00fcrede b\u00fcy\u00fcyen yang\u0131n nedeniyle ara\u00e7ta b\u00fcy\u00fck \u00e7apta maddi hasar meydana geldi. \u0130hbar \u00fczerine olay yerine sevk edilen itfaiye ekipleri, yang\u0131na m\u00fcdahale ederek alevleri kontrol alt\u0131na ald\u0131 ve s\u00f6nd\u00fcrd\u00fc.<br \/> Olayla ilgili inceleme ba\u015flat\u0131ld\u0131.<\/p>\n<p>Kaynak: \u0130HA\u00a0<\/p>\n","protected":false},"excerpt":{"rendered":"<p>Yang\u0131n, Osmaniye\u2019nin Bah\u00e7e il\u00e7esine ba\u011fl\u0131 Savranl\u0131 k\u00f6y\u00fc k\u00f6pr\u00fcs\u00fc mevkiinde meydana geldi. Edinilen bilgiye g\u00f6re, s\u00fcr\u00fcc\u00fc&#8230;<\/p>\n","protected":false},"author":1,"featured_media":0,"comment_status":"closed","ping_status":"closed","sticky":false,"template":"","format":"standard","meta":{"footnotes":""},"categories":[1],"tags":[],"class_list":["post-4885","post","type-post","status-publish","format-standard","hentry","category-guncel-haberler"],"_links":{"self":[{"href":"https:\/\/manseturfa.com\/index.php?rest_route=\/wp\/v2\/posts\/4885","targetHints":{"allow":["GET"]}}],"collection":[{"href":"https:\/\/manseturfa.com\/index.php?rest_route=\/wp\/v2\/posts"}],"about":[{"href":"https:\/\/manseturfa.com\/index.php?rest_route=\/wp\/v2\/types\/post"}],"author":[{"embeddable":true,"href":"https:\/\/manseturfa.com\/index.php?rest_route=\/wp\/v2\/users\/1"}],"replies":[{"embeddable":true,"href":"https:\/\/manseturfa.com\/index.php?rest_route=%2Fwp%2Fv2%2Fcomments&post=4885"}],"version-history":[{"count":0,"href":"https:\/\/manseturfa.com\/index.php?rest_route=\/wp\/v2\/posts\/4885\/revisions"}],"wp:attachment":[{"href":"https:\/\/manseturfa.com\/index.php?rest_route=%2Fwp%2Fv2%2Fmedia&parent=4885"}],"wp:term":[{"taxonomy":"category","embeddable":true,"href":"https:\/\/manseturfa.com\/index.php?rest_route=%2Fwp%2Fv2%2Fcategories&post=4885"},{"taxonomy":"post_tag","embeddable":true,"href":"https:\/\/manseturfa.com\/index.php?rest_route=%2Fwp%2Fv2%2Ftags&post=4885"}],"curies":[{"name":"wp","href":"https:\/\/api.w.org\/{rel}","templated":true}]}}