{"id":4905,"date":"2026-04-29T08:22:06","date_gmt":"2026-04-29T08:22:06","guid":{"rendered":"https:\/\/manseturfa.com\/?p=4905"},"modified":"2026-04-29T08:22:06","modified_gmt":"2026-04-29T08:22:06","slug":"muglasporda-play-off-heyecani","status":"publish","type":"post","link":"https:\/\/manseturfa.com\/?p=4905","title":{"rendered":"Mu\u011flaspor\u2019da Play-Off heyecan\u0131!"},"content":{"rendered":"<p>Mu\u011flaspor, yar\u0131m as\u0131rl\u0131k 1. Lig hayalini ger\u00e7ekle\u015ftirmek ad\u0131na en kritik viraja girdi. Ligin son haftalar\u0131nda g\u00f6sterdi\u011fi ba\u015far\u0131l\u0131 performansla Play-Off hatt\u0131nda avantajl\u0131 bir yer edinen Mu\u011flaspor, 30 Nisan Per\u015fembe g\u00fcn\u00fc saat 20.00\u2019de \u015eanl\u0131urfa 11 Nisan Stadyumu\u2019nda oynanacak ilk ma\u00e7 i\u00e7in Mu\u011fla\u2019dan ayr\u0131ld\u0131.<\/p>\n<p><img loading=\"lazy\" decoding=\"async\" alt=\"Mu\u011flaspor\u2019da Play-Off heyecan\u0131!\" class=\"mx-auto max-w-full h-auto shadow-sm\" height=\"675\" src=\"https:\/\/www.urfahaber.com\/images\/uploads\/2026\/04\/milli-egitim-bakanligindan-kahramanmarastaki-silahli-okul-saldirisiyla-ilgili-aciklama-69f1bfaacc596.webp\" width=\"1200\" \/><\/p>\n<h2><strong>TARAFTARDAN CO\u015eKULU U\u011eURLAMA<\/strong><\/h2>\n<p>U\u011furlama t\u00f6reninde kul\u00fcp tesislerine ak\u0131n eden ye\u015fil-beyazl\u0131 taraftarlar, futbolculara ve teknik heyete b\u00fcy\u00fck moral verdi. &#8220;O sene bu sene&#8221; sloganlar\u0131yla tesisleri bayram yerine \u00e7eviren 48 Gen\u00e7lik Taraftarlar Derne\u011fi \u00fcyeleri, tak\u0131m otob\u00fcs\u00fcn\u00fcn \u00f6n\u00fcn\u00fc keserek me\u015faleler ve mar\u015flarla desteklerini g\u00f6sterdi.<\/p>\n<h2><strong>R\u00d6VAN\u015e 4 MAYIS\u2019TA MU\u011eLA\u2019DA<\/strong><\/h2>\n<p>Bu zorlu e\u015fle\u015fmenin r\u00f6van\u015f\u0131, 4 May\u0131s Pazartesi g\u00fcn\u00fc Mu\u011fla Atat\u00fcrk Stadyumu\u2019nda oynanacak. Per\u015fembe ak\u015fam\u0131 \u015eanl\u0131urfa\u2019da oynanacak ilk kar\u015f\u0131la\u015fma, her iki kul\u00fcp i\u00e7in de S\u00fcper Lig ve 1. Lig yolunda b\u00fcy\u00fck \u00f6nem ta\u015f\u0131yor.<\/p>\n<p>kaynak:\u0130HA<\/p>\n","protected":false},"excerpt":{"rendered":"<p>Mu\u011flaspor, yar\u0131m as\u0131rl\u0131k 1. Lig hayalini ger\u00e7ekle\u015ftirmek ad\u0131na en kritik viraja girdi. Ligin son haftalar\u0131nda&#8230;<\/p>\n","protected":false},"author":1,"featured_media":0,"comment_status":"closed","ping_status":"closed","sticky":false,"template":"","format":"standard","meta":{"footnotes":""},"categories":[1],"tags":[],"class_list":["post-4905","post","type-post","status-publish","format-standard","hentry","category-guncel-haberler"],"_links":{"self":[{"href":"https:\/\/manseturfa.com\/index.php?rest_route=\/wp\/v2\/posts\/4905","targetHints":{"allow":["GET"]}}],"collection":[{"href":"https:\/\/manseturfa.com\/index.php?rest_route=\/wp\/v2\/posts"}],"about":[{"href":"https:\/\/manseturfa.com\/index.php?rest_route=\/wp\/v2\/types\/post"}],"author":[{"embeddable":true,"href":"https:\/\/manseturfa.com\/index.php?rest_route=\/wp\/v2\/users\/1"}],"replies":[{"embeddable":true,"href":"https:\/\/manseturfa.com\/index.php?rest_route=%2Fwp%2Fv2%2Fcomments&post=4905"}],"version-history":[{"count":0,"href":"https:\/\/manseturfa.com\/index.php?rest_route=\/wp\/v2\/posts\/4905\/revisions"}],"wp:attachment":[{"href":"https:\/\/manseturfa.com\/index.php?rest_route=%2Fwp%2Fv2%2Fmedia&parent=4905"}],"wp:term":[{"taxonomy":"category","embeddable":true,"href":"https:\/\/manseturfa.com\/index.php?rest_route=%2Fwp%2Fv2%2Fcategories&post=4905"},{"taxonomy":"post_tag","embeddable":true,"href":"https:\/\/manseturfa.com\/index.php?rest_route=%2Fwp%2Fv2%2Ftags&post=4905"}],"curies":[{"name":"wp","href":"https:\/\/api.w.org\/{rel}","templated":true}]}}