{"id":4907,"date":"2026-04-29T08:51:12","date_gmt":"2026-04-29T08:51:12","guid":{"rendered":"https:\/\/manseturfa.com\/?p=4907"},"modified":"2026-04-29T08:51:12","modified_gmt":"2026-04-29T08:51:12","slug":"firari-hukumlu-viransehirde-yakalandi","status":"publish","type":"post","link":"https:\/\/manseturfa.com\/?p=4907","title":{"rendered":"Firari h\u00fck\u00fcml\u00fc Viran\u015fehir&#8217;de yakaland\u0131!"},"content":{"rendered":"<p>\u015eanl\u0131urfa \u0130l Jandarma Komutanl\u0131\u011f\u0131 taraf\u0131ndan nitelikli su\u00e7lardan aranan \u015fah\u0131slar\u0131n yakalanmas\u0131na y\u00f6nelik ba\u015flatt\u0131\u011f\u0131 \u00e7al\u0131\u015fmalar kapsam\u0131nda operasyon d\u00fczenlendi.<\/p>\n<p><img loading=\"lazy\" decoding=\"async\" alt=\"G\u00f6rsel\" class=\"mx-auto max-w-full h-auto shadow-sm\" height=\"551\" src=\"https:\/\/www.urfahaber.com\/images\/uploads\/2026\/04\/ar5anan-ara-69f1c66333464.jpg\" width=\"914\" \/><\/p>\n<h2>6 YIL 8 AY KES\u0130NLE\u015eM\u0130\u015e HAP\u0130S CEZASI VARDI<\/h2>\n<p>Jandarma ekipleri taraf\u0131ndan Viran\u015fehir \u0130l\u00e7esinde d\u00fczenlenen operasyon sonucu, hakk\u0131nda izinsiz olarak ate\u015fli silah ve mermileri \u00fclkeye sokma, imal etme veya satma su\u00e7undan 6 y\u0131l 8 ay kesinle\u015fmi\u015f hapis cezas\u0131 bulunan H.\u00c7. isimli \u015fah\u0131s, yakaland\u0131.<\/p>\n<p>Viran\u015fehir \u0130l\u00e7e Jandarma Komutanl\u0131\u011f\u0131 ekipleri taraf\u0131ndan yakalanan firari h\u00fck\u00fcml\u00fc H.\u00c7. \u00a0adli makamlara teslim edildi.<\/p>\n","protected":false},"excerpt":{"rendered":"<p>\u015eanl\u0131urfa \u0130l Jandarma Komutanl\u0131\u011f\u0131 taraf\u0131ndan nitelikli su\u00e7lardan aranan \u015fah\u0131slar\u0131n yakalanmas\u0131na y\u00f6nelik ba\u015flatt\u0131\u011f\u0131 \u00e7al\u0131\u015fmalar kapsam\u0131nda operasyon&#8230;<\/p>\n","protected":false},"author":1,"featured_media":0,"comment_status":"closed","ping_status":"closed","sticky":false,"template":"","format":"standard","meta":{"footnotes":""},"categories":[1],"tags":[],"class_list":["post-4907","post","type-post","status-publish","format-standard","hentry","category-guncel-haberler"],"_links":{"self":[{"href":"https:\/\/manseturfa.com\/index.php?rest_route=\/wp\/v2\/posts\/4907","targetHints":{"allow":["GET"]}}],"collection":[{"href":"https:\/\/manseturfa.com\/index.php?rest_route=\/wp\/v2\/posts"}],"about":[{"href":"https:\/\/manseturfa.com\/index.php?rest_route=\/wp\/v2\/types\/post"}],"author":[{"embeddable":true,"href":"https:\/\/manseturfa.com\/index.php?rest_route=\/wp\/v2\/users\/1"}],"replies":[{"embeddable":true,"href":"https:\/\/manseturfa.com\/index.php?rest_route=%2Fwp%2Fv2%2Fcomments&post=4907"}],"version-history":[{"count":0,"href":"https:\/\/manseturfa.com\/index.php?rest_route=\/wp\/v2\/posts\/4907\/revisions"}],"wp:attachment":[{"href":"https:\/\/manseturfa.com\/index.php?rest_route=%2Fwp%2Fv2%2Fmedia&parent=4907"}],"wp:term":[{"taxonomy":"category","embeddable":true,"href":"https:\/\/manseturfa.com\/index.php?rest_route=%2Fwp%2Fv2%2Fcategories&post=4907"},{"taxonomy":"post_tag","embeddable":true,"href":"https:\/\/manseturfa.com\/index.php?rest_route=%2Fwp%2Fv2%2Ftags&post=4907"}],"curies":[{"name":"wp","href":"https:\/\/api.w.org\/{rel}","templated":true}]}}