{"id":4909,"date":"2026-04-29T09:10:32","date_gmt":"2026-04-29T09:10:32","guid":{"rendered":"https:\/\/manseturfa.com\/?p=4909"},"modified":"2026-04-29T09:10:32","modified_gmt":"2026-04-29T09:10:32","slug":"aranan-sahis-haliliyede-yakalandi","status":"publish","type":"post","link":"https:\/\/manseturfa.com\/?p=4909","title":{"rendered":"Aranan \u015fah\u0131s Haliliye&#8217;de yakaland\u0131!"},"content":{"rendered":"<p>\u015eanl\u0131urfa \u0130l Jandarma Komutanl\u0131\u011f\u0131 taraf\u0131ndan aranan \u015fah\u0131slar\u0131n yakalanmas\u0131na y\u00f6nelik ba\u015flatt\u0131\u011f\u0131 \u00e7al\u0131\u015fmalar kapsam\u0131nda operasyon d\u00fczenlendi.<\/p>\n<h2>F\u0130RAR\u0130 H\u00dcK\u00dcML\u00dc HAL\u0130L\u0130YE\u2019DE YAKALANDI<\/h2>\n<p>Haliliye \u0130l\u00e7esinde, \u00a0Motosikletli Jandarma Asayi\u015f Timlerince, d\u00fczenlenen operasyonda, hakk\u0131nda \u2018\u2018taksirle birden fazla ki\u015finin \u00f6l\u00fcm\u00fcne veya yaralanmas\u0131na sebebiyet vermek \u2019\u2019 su\u00e7undan 6 y\u0131l 6 ay kesinle\u015fmi\u015f hapis cezas\u0131 bulunan A.K. isimli \u015fah\u0131s, yakaland\u0131.<\/p>\n<p><img loading=\"lazy\" decoding=\"async\" alt=\"G\u00f6rsel\" class=\"mx-auto max-w-full h-auto shadow-sm\" height=\"517\" src=\"https:\/\/www.urfahaber.com\/images\/uploads\/2026\/04\/aranab-ara1-69f1cac5ce428.jpg\" width=\"837\" \/><\/p>\n<p>Jandarma ekipleri taraf\u0131ndan yakalanan A.K isimli firari h\u00fck\u00fcml\u00fc adli makamlara teslim edildi.<\/p>\n<p>\u00a0<\/p>\n","protected":false},"excerpt":{"rendered":"<p>\u015eanl\u0131urfa \u0130l Jandarma Komutanl\u0131\u011f\u0131 taraf\u0131ndan aranan \u015fah\u0131slar\u0131n yakalanmas\u0131na y\u00f6nelik ba\u015flatt\u0131\u011f\u0131 \u00e7al\u0131\u015fmalar kapsam\u0131nda operasyon d\u00fczenlendi. F\u0130RAR\u0130&#8230;<\/p>\n","protected":false},"author":1,"featured_media":0,"comment_status":"closed","ping_status":"closed","sticky":false,"template":"","format":"standard","meta":{"footnotes":""},"categories":[1],"tags":[],"class_list":["post-4909","post","type-post","status-publish","format-standard","hentry","category-guncel-haberler"],"_links":{"self":[{"href":"https:\/\/manseturfa.com\/index.php?rest_route=\/wp\/v2\/posts\/4909","targetHints":{"allow":["GET"]}}],"collection":[{"href":"https:\/\/manseturfa.com\/index.php?rest_route=\/wp\/v2\/posts"}],"about":[{"href":"https:\/\/manseturfa.com\/index.php?rest_route=\/wp\/v2\/types\/post"}],"author":[{"embeddable":true,"href":"https:\/\/manseturfa.com\/index.php?rest_route=\/wp\/v2\/users\/1"}],"replies":[{"embeddable":true,"href":"https:\/\/manseturfa.com\/index.php?rest_route=%2Fwp%2Fv2%2Fcomments&post=4909"}],"version-history":[{"count":0,"href":"https:\/\/manseturfa.com\/index.php?rest_route=\/wp\/v2\/posts\/4909\/revisions"}],"wp:attachment":[{"href":"https:\/\/manseturfa.com\/index.php?rest_route=%2Fwp%2Fv2%2Fmedia&parent=4909"}],"wp:term":[{"taxonomy":"category","embeddable":true,"href":"https:\/\/manseturfa.com\/index.php?rest_route=%2Fwp%2Fv2%2Fcategories&post=4909"},{"taxonomy":"post_tag","embeddable":true,"href":"https:\/\/manseturfa.com\/index.php?rest_route=%2Fwp%2Fv2%2Ftags&post=4909"}],"curies":[{"name":"wp","href":"https:\/\/api.w.org\/{rel}","templated":true}]}}