{"id":4910,"date":"2026-04-29T09:16:36","date_gmt":"2026-04-29T09:16:36","guid":{"rendered":"https:\/\/manseturfa.com\/?p=4910"},"modified":"2026-04-29T09:16:36","modified_gmt":"2026-04-29T09:16:36","slug":"sanliurfada-zeytin-ureticilerine-kritik-uyari","status":"publish","type":"post","link":"https:\/\/manseturfa.com\/?p=4910","title":{"rendered":"\u015eanl\u0131urfa&#8217;da zeytin \u00fcreticilerine kritik uyar\u0131!"},"content":{"rendered":"<p>Bahar ay\u0131n\u0131n gelmesiyle birlikte \u015eanl\u0131urfa&#8217;daki badem, f\u0131st\u0131k, nar ve zeytin \u00fcreticilerini budama, ila\u00e7lama ve bak\u0131m tela\u015f\u0131 sard\u0131. A\u011fa\u00e7lar\u0131n bahar bak\u0131m\u0131n\u0131 yapan \u00fcreticiler, bu y\u0131lki ya\u011f\u0131\u015flardan sonra y\u00fcksek verim elde etmeyi planl\u0131yor. Sahada aktif olarak \u00e7al\u0131\u015fan ziraat m\u00fchendisleri de \u00e7ift\u00e7ileri bilgilendirerek budama, bak\u0131m ve zararl\u0131lara kar\u015f\u0131 m\u00fccadele etmelerine yard\u0131mc\u0131 oluyor.<\/p>\n<p><img loading=\"lazy\" decoding=\"async\" alt=\"\u015eanl\u0131urfa'da zeytin \u00fcreticilerine kritik uyar\u0131!\" class=\"mx-auto max-w-full h-auto shadow-sm\" height=\"668\" src=\"https:\/\/www.urfahaber.com\/images\/uploads\/2026\/04\/aw693816-02-69f1cc8359d2f.jpg\" width=\"1200\" \/><\/p>\n<h2><strong>SAHADA UYGULAMALI E\u011e\u0130T\u0130M VER\u0130LD\u0130<\/strong><\/h2>\n<p>B\u00f6lgede faaliyet g\u00f6steren Ziraat M\u00fchendisi Mehmet Bilgin, \u00fcreticilerle bir araya gelerek budama ve zararl\u0131larla m\u00fccadele konusunda sahada uygulamal\u0131 bilgi verdi. Ger\u00e7ekle\u015ftirilen \u00e7al\u0131\u015fmada, zeytin bah\u00e7elerinde do\u011fru budama uygulamalar\u0131n\u0131n verim ve a\u011fa\u00e7 sa\u011fl\u0131\u011f\u0131 \u00fczerindeki etkileri detayl\u0131 \u015fekilde anlat\u0131ld\u0131. \u00d6zellikle bu d\u00f6nemde s\u0131k\u00e7a g\u00f6r\u00fclen pamuklu bit, ko\u015fnil ve zeytin dip kurdu gibi zararl\u0131lara kar\u015f\u0131 erken te\u015fhis ve do\u011fru m\u00fcdahalenin \u00f6nemi vurguland\u0131. Uygulamal\u0131 e\u011fitim kapsam\u0131nda \u00e7ift\u00e7ilere sahada birebir budama teknikleri g\u00f6sterilirken, yanl\u0131\u015f uygulamalar\u0131n \u00fcr\u00fcn kayb\u0131na ve a\u011fa\u00e7lar\u0131n zay\u0131flamas\u0131na yol a\u00e7abilece\u011fine dikkat \u00e7ekildi. Ayr\u0131ca zararl\u0131larla m\u00fccadelede do\u011fru zamanlama ve bilin\u00e7li ila\u00e7lama y\u00f6ntemlerinin kritik rol oynad\u0131\u011f\u0131 ifade edildi.<\/p>\n<h2><strong>UZMANDAN KR\u0130T\u0130K UYARILAR<\/strong><\/h2>\n<p>Ziraat M\u00fchendisi Mehmet Bilgin yapt\u0131\u011f\u0131 a\u00e7\u0131klamada, &#8220;Ya\u011f\u0131\u015flar\u0131n artmas\u0131yla k\u00f6k b\u00f6lgesinde \u00e7\u0131kan yeni s\u00fcrg\u00fcnler var. Bu s\u00fcrg\u00fcnler a\u011fac\u0131n besinine ortak oluyor. Dolay\u0131s\u0131yla bu a\u011fac\u0131n geli\u015fimi zay\u0131flat\u0131yor. Biz de yeni s\u00fcrg\u00fcnleri budayarak ortadan kald\u0131r\u0131yoruz. Bu sene \u00e7ok \u00e7\u0131km\u0131\u015f, ge\u00e7en senelerde az vard\u0131. Biz kontrole geldi\u011fimizde pamuklu bit zararl\u0131s\u0131n\u0131n zararlar\u0131n\u0131 \u00fcreticimize anlatmaya \u00e7al\u0131\u015ft\u0131k. Bak\u0131ms\u0131z arazilerde, bak\u0131ms\u0131z bah\u00e7elerde s\u0131k olan dallar\u0131n i\u00e7erisinde \u00fcr\u00fcyorlar ve bunlar yeni mahsul olacak olan salk\u0131mlar\u0131n i\u00e7lerine n\u00fcfuz ediyorlar. Bu da o salk\u0131mlar\u0131n tutmamas\u0131na, onun bitki \u00f6z\u00fcn\u00fc emerek zay\u0131f kalmas\u0131na ve verim kayb\u0131na neden oluyor. \u00c7ift\u00e7iler bu noktada dikkat etse bile kabuklu bit dedi\u011fimiz ko\u015fnil noktas\u0131na da dikkat etsinler&#8221; dedi.<\/p>\n<h2><strong>D\u0130P KURTLARI A\u011eA\u00c7LARI TEHD\u0130T ED\u0130YOR<\/strong><\/h2>\n<p>Dip kurtlar\u0131n\u0131n a\u011fa\u00e7lara verdi\u011fi zarar\u0131 da aktaran Bilgin, &#8220;\u015eimdi yakla\u015f\u0131k 30 y\u0131ll\u0131k bir zeytin a\u011fac\u0131n\u0131n k\u00f6k yap\u0131s\u0131n\u0131 size g\u00f6steriyoruz. Buradaki oyuklar\u0131 g\u00f6r\u00fcyorsunuz. Bunlar zeytin dip kurtlar\u0131n\u0131n verdi\u011fi bir zarard\u0131r. Az \u00f6nce bunlar\u0131 \u00e7\u0131kartt\u0131k. Bu dip kurtlar\u0131 k\u00f6k yap\u0131s\u0131na zarar veriyor ve iletim damarlar\u0131n\u0131 ortadan kald\u0131r\u0131yor. Zeytin dip kurtlar\u0131yla alakal\u0131 \u00e7it\u00e7imizi bilgilendirdik&#8221; diye konu\u015ftu.<\/p>\n<h2><strong>UZMANLARDAN \u00c7\u0130\u00c7EKLENME \u00d6NCES\u0130 UYARI<\/strong><\/h2>\n<p>\u00d6te yandan uzmanlar, pamuklu bit zararl\u0131s\u0131n\u0131n yaprak, s\u00fcrg\u00fcn ve meyvelerde ciddi zararlar olu\u015fturdu\u011funu belirterek, \u00e7i\u00e7eklenme \u00f6ncesinde yap\u0131lacak do\u011fru m\u00fcdahalelerin hem verimi art\u0131rd\u0131\u011f\u0131n\u0131 hem de ekolojik dengenin korunmas\u0131na katk\u0131 sa\u011flad\u0131\u011f\u0131n\u0131 ifade ediyor.<\/p>\n<p>kaynak:\u0130HA<\/p>\n","protected":false},"excerpt":{"rendered":"<p>Bahar ay\u0131n\u0131n gelmesiyle birlikte \u015eanl\u0131urfa&#8217;daki badem, f\u0131st\u0131k, nar ve zeytin \u00fcreticilerini budama, ila\u00e7lama ve bak\u0131m&#8230;<\/p>\n","protected":false},"author":1,"featured_media":0,"comment_status":"closed","ping_status":"closed","sticky":false,"template":"","format":"standard","meta":{"footnotes":""},"categories":[1],"tags":[],"class_list":["post-4910","post","type-post","status-publish","format-standard","hentry","category-guncel-haberler"],"_links":{"self":[{"href":"https:\/\/manseturfa.com\/index.php?rest_route=\/wp\/v2\/posts\/4910","targetHints":{"allow":["GET"]}}],"collection":[{"href":"https:\/\/manseturfa.com\/index.php?rest_route=\/wp\/v2\/posts"}],"about":[{"href":"https:\/\/manseturfa.com\/index.php?rest_route=\/wp\/v2\/types\/post"}],"author":[{"embeddable":true,"href":"https:\/\/manseturfa.com\/index.php?rest_route=\/wp\/v2\/users\/1"}],"replies":[{"embeddable":true,"href":"https:\/\/manseturfa.com\/index.php?rest_route=%2Fwp%2Fv2%2Fcomments&post=4910"}],"version-history":[{"count":0,"href":"https:\/\/manseturfa.com\/index.php?rest_route=\/wp\/v2\/posts\/4910\/revisions"}],"wp:attachment":[{"href":"https:\/\/manseturfa.com\/index.php?rest_route=%2Fwp%2Fv2%2Fmedia&parent=4910"}],"wp:term":[{"taxonomy":"category","embeddable":true,"href":"https:\/\/manseturfa.com\/index.php?rest_route=%2Fwp%2Fv2%2Fcategories&post=4910"},{"taxonomy":"post_tag","embeddable":true,"href":"https:\/\/manseturfa.com\/index.php?rest_route=%2Fwp%2Fv2%2Ftags&post=4910"}],"curies":[{"name":"wp","href":"https:\/\/api.w.org\/{rel}","templated":true}]}}