{"id":4914,"date":"2026-04-29T10:39:22","date_gmt":"2026-04-29T10:39:22","guid":{"rendered":"https:\/\/manseturfa.com\/?p=4914"},"modified":"2026-04-29T10:39:22","modified_gmt":"2026-04-29T10:39:22","slug":"tuik-mart-ayi-issizlik-rakamlarini-acikladi","status":"publish","type":"post","link":"https:\/\/manseturfa.com\/?p=4914","title":{"rendered":"T\u00dc\u0130K Mart ay\u0131 i\u015fsizlik rakamlar\u0131n\u0131 a\u00e7\u0131klad\u0131!"},"content":{"rendered":"<p>T\u00fcrkiye \u0130statistik Kurumu (T\u00dc\u0130K), \u00a0Hanehalk\u0131 \u0130\u015fg\u00fcc\u00fc Ara\u015ft\u0131rmas\u0131 sonu\u00e7lar\u0131na g\u00f6re; 15 ve daha yukar\u0131 ya\u015ftaki ki\u015filerde i\u015fsiz say\u0131s\u0131 2026 y\u0131l\u0131 Mart ay\u0131nda bir \u00f6nceki aya g\u00f6re 96 bin ki\u015fi azalarak 2 milyon 873 bin ki\u015fi oldu. \u0130\u015fsizlik oran\u0131 ise 0,3 puan azalarak %8,1 seviyesinde ger\u00e7ekle\u015fti. \u0130\u015fsizlik oran\u0131 erkeklerde %6,8 iken kad\u0131nlarda %10,7 olarak tahmin edildi.<\/p>\n<h2>MEVS\u0130M ETK\u0130S\u0130NDEN ARINDIRILMI\u015e \u0130ST\u0130HDAM ORANI %48,5 OLDU<\/h2>\n<p>T\u00dc\u0130K\u2019e g\u00f6re istihdam edilenlerin say\u0131s\u0131 2026 y\u0131l\u0131 Mart ay\u0131nda bir \u00f6nceki aya g\u00f6re 226 bin ki\u015fi artarak 32 milyon 425 bin ki\u015fi, istihdam oran\u0131 ise 0,3 puan artarak %48,5 oldu. Bu oran erkeklerde %66,0 iken kad\u0131nlarda %31,5 olarak ger\u00e7ekle\u015fti.<\/p>\n<p><img loading=\"lazy\" decoding=\"async\" alt=\"G\u00f6rsel\" class=\"mx-auto max-w-full h-auto shadow-sm\" height=\"403\" src=\"https:\/\/www.urfahaber.com\/images\/uploads\/2026\/04\/mevsim-issizlik-69f1def0bfefa.webp\" width=\"1200\" \/><\/p>\n<h2>GEN\u00c7 N\u00dcFUSTA MEVS\u0130M ETK\u0130S\u0130NDEN ARINDIRILMI\u015e \u0130\u015eS\u0130ZL\u0130K ORANI %15,3 OLDU<\/h2>\n<p>T\u00dc\u0130K verilerine g\u00f6re, 15-24 ya\u015f grubunu kapsayan gen\u00e7 n\u00fcfusta i\u015fsizlik oran\u0131 bir \u00f6nceki aya g\u00f6re 0,5 puan azalarak %15,3 oldu. Bu ya\u015f grubunda i\u015fsizlik oran\u0131; erkeklerde %12,8, kad\u0131nlarda ise %20,4 olarak tahmin edildi.<\/p>\n<p><img loading=\"lazy\" decoding=\"async\" alt=\"G\u00f6rsel\" class=\"mx-auto max-w-full h-auto shadow-sm\" height=\"446\" src=\"https:\/\/www.urfahaber.com\/images\/uploads\/2026\/04\/gen-issizlik-69f1deff6c35c.jpg\" width=\"1200\" \/><\/p>\n<h2>ATIL \u0130\u015eG\u00dcC\u00dc ORANI %31,5 OLDU<\/h2>\n<p>T\u00dc\u0130K\u2019e g\u00f6re, Zamana ba\u011fl\u0131 eksik istihdam, potansiyel i\u015fg\u00fcc\u00fc ve i\u015fsizlerden olu\u015fan at\u0131l i\u015fg\u00fcc\u00fc oran\u0131 2026 y\u0131l\u0131 Mart ay\u0131nda bir \u00f6nceki aya g\u00f6re 1,6 puan artarak %31,5 oldu. Zamana ba\u011fl\u0131 eksik istihdam ve i\u015fsizlerin b\u00fct\u00fcnle\u015fik oran\u0131 %21,0 iken i\u015fsiz ve potansiyel i\u015fg\u00fcc\u00fcn\u00fcn b\u00fct\u00fcnle\u015fik oran\u0131 %20,4 olarak tahmin edildi.<\/p>\n<p><img loading=\"lazy\" decoding=\"async\" alt=\"G\u00f6rsel\" class=\"mx-auto max-w-full h-auto shadow-sm\" height=\"403\" src=\"https:\/\/www.urfahaber.com\/images\/uploads\/2026\/04\/atil-is-gucu-69f1df1060762.webp\" width=\"1200\" \/><\/p>\n","protected":false},"excerpt":{"rendered":"<p>T\u00fcrkiye \u0130statistik Kurumu (T\u00dc\u0130K), \u00a0Hanehalk\u0131 \u0130\u015fg\u00fcc\u00fc Ara\u015ft\u0131rmas\u0131 sonu\u00e7lar\u0131na g\u00f6re; 15 ve daha yukar\u0131 ya\u015ftaki ki\u015filerde&#8230;<\/p>\n","protected":false},"author":1,"featured_media":0,"comment_status":"closed","ping_status":"closed","sticky":false,"template":"","format":"standard","meta":{"footnotes":""},"categories":[1],"tags":[],"class_list":["post-4914","post","type-post","status-publish","format-standard","hentry","category-guncel-haberler"],"_links":{"self":[{"href":"https:\/\/manseturfa.com\/index.php?rest_route=\/wp\/v2\/posts\/4914","targetHints":{"allow":["GET"]}}],"collection":[{"href":"https:\/\/manseturfa.com\/index.php?rest_route=\/wp\/v2\/posts"}],"about":[{"href":"https:\/\/manseturfa.com\/index.php?rest_route=\/wp\/v2\/types\/post"}],"author":[{"embeddable":true,"href":"https:\/\/manseturfa.com\/index.php?rest_route=\/wp\/v2\/users\/1"}],"replies":[{"embeddable":true,"href":"https:\/\/manseturfa.com\/index.php?rest_route=%2Fwp%2Fv2%2Fcomments&post=4914"}],"version-history":[{"count":0,"href":"https:\/\/manseturfa.com\/index.php?rest_route=\/wp\/v2\/posts\/4914\/revisions"}],"wp:attachment":[{"href":"https:\/\/manseturfa.com\/index.php?rest_route=%2Fwp%2Fv2%2Fmedia&parent=4914"}],"wp:term":[{"taxonomy":"category","embeddable":true,"href":"https:\/\/manseturfa.com\/index.php?rest_route=%2Fwp%2Fv2%2Fcategories&post=4914"},{"taxonomy":"post_tag","embeddable":true,"href":"https:\/\/manseturfa.com\/index.php?rest_route=%2Fwp%2Fv2%2Ftags&post=4914"}],"curies":[{"name":"wp","href":"https:\/\/api.w.org\/{rel}","templated":true}]}}