{"id":4918,"date":"2026-04-29T13:03:37","date_gmt":"2026-04-29T13:03:37","guid":{"rendered":"https:\/\/manseturfa.com\/?p=4918"},"modified":"2026-04-29T13:03:37","modified_gmt":"2026-04-29T13:03:37","slug":"buyuksehirden-sokak-kedilerine-ozel-yasam-alanlari","status":"publish","type":"post","link":"https:\/\/manseturfa.com\/?p=4918","title":{"rendered":"B\u00fcy\u00fck\u015fehir&#8217;den sokak kedilerine \u00f6zel ya\u015fam alanlar\u0131!"},"content":{"rendered":"<p>\u015eanl\u0131urfa B\u00fcy\u00fck\u015fehir Belediye Ba\u015fkan\u0131 Mehmet Kas\u0131m G\u00fclp\u0131nar\u2019\u0131n \u00f6nc\u00fcl\u00fc\u011f\u00fcnde, 5199 say\u0131l\u0131 Hayvanlar\u0131 Koruma Kanunu kapsam\u0131nda sokak kedilerine \u00f6zel koruma alanlar\u0131 olu\u015fturuldu.<\/p>\n<p>Kent genelinde, d\u0131\u015f etkenlerden korunabilecekleri, g\u00fcvenli ve ye\u015fil alanlara sahip periferik b\u00f6lgelerde kurulan toplam 12 kedi koruma alan\u0131n\u0131n montaj\u0131 tamamland\u0131.<\/p>\n<p>Her biri 18 ah\u015fap odac\u0131k ve oyun alan\u0131ndan olu\u015fan bu alanlar, sokak kedilerinin bar\u0131nma ve beslenme ihtiya\u00e7lar\u0131n\u0131 kar\u015f\u0131layacak \u015fekilde tasarland\u0131.<\/p>\n<p><img loading=\"lazy\" decoding=\"async\" alt=\"B\u00fcy\u00fck\u015fehir'den sokak kedilerine \u00f6zel ya\u015fam alanlar\u0131!\" class=\"mx-auto max-w-full h-auto shadow-sm\" height=\"800\" src=\"https:\/\/www.urfahaber.com\/images\/uploads\/2026\/04\/whatsapp-image-3-69f201f6a75a1.jpeg\" width=\"1200\" \/><\/p>\n<h6><strong>BARINMA VE BESLENME \u0130HT\u0130YA\u00c7LARI<\/strong><\/h6>\n<p>\u2018Ya\u015fam hakk\u0131 her canl\u0131 i\u00e7in kutsald\u0131r\u201d d\u00fcsturuyla B\u00fcy\u00fck\u015fehir Belediyesi Veteriner \u0130\u015fleri Daire Ba\u015fkanl\u0131\u011f\u0131\u2019nca kentin 12 farkl\u0131 noktas\u0131na kurulan \u00f6zel ya\u015fam alanlar\u0131nda kedilerin bar\u0131nma, beslenme ve korunma ihtiya\u00e7lar\u0131 kar\u015f\u0131lan\u0131yor.\u00a0<\/p>\n<p>Halk sa\u011fl\u0131\u011f\u0131n\u0131n korunmas\u0131n\u0131n hayvan sa\u011fl\u0131\u011f\u0131ndan ge\u00e7ti\u011fine dikkat \u00e7eken yetkililer, koruma alanlar\u0131na al\u0131nan kedilerin a\u015f\u0131, tedavi, k\u0131s\u0131rla\u015ft\u0131rma ve rehabilitasyon s\u00fcre\u00e7lerinin tamamlanaca\u011f\u0131n\u0131 belirtti. Bu uygulamayla hem sokak hayvanlar\u0131n\u0131n ya\u015fam standartlar\u0131n\u0131 y\u00fckseltmeyi hem de vatanda\u015flarda hayvan sevgisi ve fark\u0131ndal\u0131k olu\u015fturmak ama\u00e7lan\u0131yor.<\/p>\n<p><img loading=\"lazy\" decoding=\"async\" alt=\"B\u00fcy\u00fck\u015fehir'den sokak kedilerine \u00f6zel ya\u015fam alanlar\u0131!\" class=\"mx-auto max-w-full h-auto shadow-sm\" height=\"800\" src=\"https:\/\/www.urfahaber.com\/images\/uploads\/2026\/04\/whatsapp-image-2026-04-29-at-144014-69f20204f326d.jpeg\" width=\"1200\" \/><\/p>\n<h6><strong>KED\u0130 KORUMA ALANLARI TAKD\u0130RLE KAR\u015eILANDI\u00a0<\/strong><\/h6>\n<p>Do\u011fal ya\u015famda varl\u0131klar\u0131n\u0131 s\u00fcrd\u00fcren sokak kedileri i\u00e7in \u00f6nemli bir projeyi hayata ge\u00e7iren B\u00fcy\u00fck\u015fehir Belediye Ba\u015fkan\u0131 Mehmet Kas\u0131m G\u00fclp\u0131nar\u2019a te\u015fekk\u00fcr eden Harran \u00dcniversitesi Rekt\u00f6r Yard\u0131mc\u0131s\u0131 Prof. Dr. Ahmet \u0130lyas, &#8220;B\u00fcy\u00fck\u015fehir Belediyesince hayata ge\u00e7irilen kedi koruma alanlar\u0131na kamp\u00fcslerimizde yer verilmesi bizleri ziyadesiyle mutlu etmi\u015ftir. Kedilere ya\u015fam alanlar\u0131 olu\u015fturmak ve onlar\u0131n bak\u0131mlar\u0131n\u0131 \u00fcstlenmek toplumda bamba\u015fka bir fark\u0131ndal\u0131k olu\u015fturmaktad\u0131r. Bu vesileyle B\u00fcy\u00fck\u015fehir Belediye Ba\u015fkan\u0131 Mehmet Kas\u0131m G\u00fclp\u0131nar\u2019\u0131n \u00f6nc\u00fcl\u00fc\u011f\u00fcnde eme\u011fi ge\u00e7enlere gerek \u00fcniversitemiz gerekse \u00f6\u011frencilerimiz ad\u0131na te\u015fekk\u00fcr ediyorum&#8221; dedi.<\/p>\n<p><img loading=\"lazy\" decoding=\"async\" alt=\"B\u00fcy\u00fck\u015fehir'den sokak kedilerine \u00f6zel ya\u015fam alanlar\u0131!\" class=\"mx-auto max-w-full h-auto shadow-sm\" height=\"800\" src=\"https:\/\/www.urfahaber.com\/images\/uploads\/2026\/04\/whatsapp-image-4-69f202125e1e4.jpeg\" width=\"1200\" \/><\/p>\n<p>Mahalle sakinlerinin projeden olduk\u00e7a memnun oldu\u011funu belirten Osmangazi Mahallesi Muhtar\u0131 Nahit \u00c7ift\u00e7i ise \u2018Mahallemizde kurulan kedi ya\u015fam alan\u0131m\u0131z mahalle sakinlerimizin ve \u00f6zellikle miniklerin b\u00fcy\u00fck ilgisini \u00e7ekti. Ben \u015fahs\u0131m ad\u0131ma ve mahalle sakinlerim ad\u0131na Ba\u015fkan\u0131m\u0131z Mehmet Kas\u0131m G\u00fclp\u0131nar ve projede eme\u011fi ge\u00e7enlere te\u015fekk\u00fcr ediyorum\u2019 diye konu\u015ftu.<\/p>\n<p><img loading=\"lazy\" decoding=\"async\" alt=\"B\u00fcy\u00fck\u015fehir'den sokak kedilerine \u00f6zel ya\u015fam alanlar\u0131!\" class=\"mx-auto max-w-full h-auto shadow-sm\" height=\"800\" src=\"https:\/\/www.urfahaber.com\/images\/uploads\/2026\/04\/whatsapp-image-5-69f2021fde2be.jpeg\" width=\"1200\" \/><\/p>\n<p>\u015eanl\u0131urfa\u2019da hayata ge\u00e7irilen bu projenin sokak hayvanlar\u0131na y\u00f6nelik duyarl\u0131 belediyecilik anlay\u0131\u015f\u0131n\u0131n \u00f6nemli \u00f6rneklerinden biri oldu\u011funa dikkat \u00e7eken vatanda\u015flar ise toplumda hayvan sevgisini art\u0131ran ve do\u011faya kar\u015f\u0131 sorumluluk bilinci olu\u015fturmay\u0131 hedefleyen bu hizmetten dolay\u0131 Belediye Ba\u015fkan\u0131 G\u00fclp\u0131nar ve Veteriner \u0130\u015fleri Daire Ba\u015fkanl\u0131\u011f\u0131 ekiplerine te\u015fekk\u00fcr ettiler.<\/p>\n","protected":false},"excerpt":{"rendered":"<p>\u015eanl\u0131urfa B\u00fcy\u00fck\u015fehir Belediye Ba\u015fkan\u0131 Mehmet Kas\u0131m G\u00fclp\u0131nar\u2019\u0131n \u00f6nc\u00fcl\u00fc\u011f\u00fcnde, 5199 say\u0131l\u0131 Hayvanlar\u0131 Koruma Kanunu kapsam\u0131nda sokak&#8230;<\/p>\n","protected":false},"author":1,"featured_media":0,"comment_status":"closed","ping_status":"closed","sticky":false,"template":"","format":"standard","meta":{"footnotes":""},"categories":[1],"tags":[],"class_list":["post-4918","post","type-post","status-publish","format-standard","hentry","category-guncel-haberler"],"_links":{"self":[{"href":"https:\/\/manseturfa.com\/index.php?rest_route=\/wp\/v2\/posts\/4918","targetHints":{"allow":["GET"]}}],"collection":[{"href":"https:\/\/manseturfa.com\/index.php?rest_route=\/wp\/v2\/posts"}],"about":[{"href":"https:\/\/manseturfa.com\/index.php?rest_route=\/wp\/v2\/types\/post"}],"author":[{"embeddable":true,"href":"https:\/\/manseturfa.com\/index.php?rest_route=\/wp\/v2\/users\/1"}],"replies":[{"embeddable":true,"href":"https:\/\/manseturfa.com\/index.php?rest_route=%2Fwp%2Fv2%2Fcomments&post=4918"}],"version-history":[{"count":0,"href":"https:\/\/manseturfa.com\/index.php?rest_route=\/wp\/v2\/posts\/4918\/revisions"}],"wp:attachment":[{"href":"https:\/\/manseturfa.com\/index.php?rest_route=%2Fwp%2Fv2%2Fmedia&parent=4918"}],"wp:term":[{"taxonomy":"category","embeddable":true,"href":"https:\/\/manseturfa.com\/index.php?rest_route=%2Fwp%2Fv2%2Fcategories&post=4918"},{"taxonomy":"post_tag","embeddable":true,"href":"https:\/\/manseturfa.com\/index.php?rest_route=%2Fwp%2Fv2%2Ftags&post=4918"}],"curies":[{"name":"wp","href":"https:\/\/api.w.org\/{rel}","templated":true}]}}