{"id":4920,"date":"2026-04-29T14:34:14","date_gmt":"2026-04-29T14:34:14","guid":{"rendered":"https:\/\/manseturfa.com\/?p=4920"},"modified":"2026-04-29T14:34:14","modified_gmt":"2026-04-29T14:34:14","slug":"sanliurfanin-kadim-mirasi-ehram-modern-tasarimla-hayat-buldu","status":"publish","type":"post","link":"https:\/\/manseturfa.com\/?p=4920","title":{"rendered":"\u015eanl\u0131urfa&#8217;n\u0131n kadim miras\u0131 &#8220;Ehram&#8221; modern tasar\u0131mla hayat buldu!"},"content":{"rendered":"<p>\u015eanl\u0131urfa&#8217;n\u0131n en \u00f6nemli k\u00fclt\u00fcrel miraslar\u0131ndan biri olan ve zamanla unutulmaya y\u00fcz tutan &#8220;ehram&#8221; dokumas\u0131, kad\u0131nlar\u0131n elinde yeniden \u015fekillenerek modern d\u00fcnya ile bulu\u015ftu.<\/p>\n<p>GAP B\u00f6lge Kalk\u0131nma \u0130daresi Ba\u015fkanl\u0131\u011f\u0131, \u015eanl\u0131urfa Valili\u011fi ve \u015eURKAV (\u015eanl\u0131urfa \u0130li K\u00fclt\u00fcr, E\u011fitim, Sanat ve Ara\u015ft\u0131rma Vakf\u0131) i\u015f birli\u011fiyle hayata ge\u00e7irilen \u201cKaybolmaya Y\u00fcz Tutmu\u015f Ehram Dokumas\u0131n\u0131n Geli\u015ftirilmesi Projesi\u201d meyvelerini verdi. Proje kapsam\u0131nda haz\u0131rlanan &#8220;K\u00fclt\u00fcrel Ehram Kuma\u015f Koleksiyonu&#8221;, 29 Nisan&#8217;da \u015eURKAV&#8217;\u0131n ev sahipli\u011finde d\u00fczenlenen \u00f6zel bir programla tan\u0131t\u0131ld\u0131.<\/p>\n<p><img decoding=\"async\" alt=\"\u015eanl\u0131urfa'n\u0131n kadim miras\u0131 \" ehram=\"\" src=\"https:\/\/www.urfahaber.com\/images\/uploads\/2026\/04\/hheywltasaahhy7-69f2174ea1381.jpg\" \/><\/p>\n<h6><strong>GELENEKSEL DOKUMA MODA \u0130LE BULU\u015eTU<\/strong><\/h6>\n<p>Geleneksel miras\u0131 gelece\u011fe ta\u015f\u0131ma hedefiyle organize edilen etkinlikte, ehram kuma\u015f\u0131n\u0131n \u00e7a\u011fda\u015f moda anlay\u0131\u015f\u0131yla yeniden yorumland\u0131\u011f\u0131 tasar\u0131mlar sergilendi. Kadim zanaat\u0131n modern \u00e7izgilerle bulu\u015ftu\u011fu \u00fcr\u00fcnler ve \u00f6zel olarak haz\u0131rlanan \u00fcr\u00fcn katalo\u011fu, kat\u0131l\u0131mc\u0131lar\u0131n b\u00fcy\u00fck be\u011fenisini toplad\u0131.<br \/> \u015eanl\u0131urfa Valili\u011finin de yak\u0131ndan takip etti\u011fi ve destek verdi\u011fi programda; kad\u0131n eme\u011fiyle hayat bulan bu de\u011ferli k\u00fclt\u00fcrel miras\u0131n ya\u015fat\u0131lmas\u0131 ve d\u00fcnyaya tan\u0131t\u0131lmas\u0131 i\u00e7in ba\u015flat\u0131lan \u00e7al\u0131\u015fmalar\u0131n \u00f6nemine dikkat \u00e7ekildi.<\/p>\n<h6><strong>\u00dcRET\u0130MDE KADIN \u0130ST\u0130HDAMI<\/strong><\/h6>\n<p>Tan\u0131t\u0131m program\u0131nda, ehram dokumas\u0131n\u0131n ta\u015f\u0131d\u0131\u011f\u0131 k\u00fclt\u00fcrel de\u011ferin yan\u0131 s\u0131ra bar\u0131nd\u0131rd\u0131\u011f\u0131 ekonomik potansiyele de vurgu yap\u0131ld\u0131. Projenin ana omurgas\u0131n\u0131 olu\u015fturan kad\u0131n istihdam\u0131, d\u00fczenlenen e\u011fitimler ve \u00fcr\u00fcnlerin pazarlanmas\u0131 i\u00e7in geli\u015ftirilen yeni sat\u0131\u015f kanallar\u0131na ili\u015fkin proje \u00e7\u0131kt\u0131lar\u0131 kamuoyu ile payla\u015f\u0131ld\u0131.<\/p>\n<p><img decoding=\"async\" alt=\"\u015eanl\u0131urfa'n\u0131n kadim miras\u0131 \" ehram=\"\" src=\"https:\/\/www.urfahaber.com\/images\/uploads\/2026\/04\/hheywnzweaafp-o-69f2175615ab5.jpg\" \/><\/p>\n<h6><strong>YEN\u0130 AT\u00d6LYELER KURULDU\u00a0<\/strong><\/h6>\n<p>Y\u00fcr\u00fct\u00fclen kapsaml\u0131 \u00e7al\u0131\u015fmalar sonucunda, ehram dokumas\u0131 sadece bir sergi \u00fcr\u00fcn\u00fc olmaktan \u00e7\u0131kar\u0131larak yeniden \u00fcretim s\u00fcre\u00e7lerine kazand\u0131r\u0131ld\u0131. Proje deste\u011fiyle kurulan yeni at\u00f6lyeler ve sa\u011flanan imk\u00e2nlar sayesinde, ehram kuma\u015f\u0131ndan elde edilen \u00fcr\u00fcnlerin art\u0131k \u00e7ok daha geni\u015f kitlelere ula\u015ft\u0131r\u0131lmas\u0131 hedefleniyor.<br \/> Gelenekten beslenen bu kadim zanaat, kurumlar\u0131n ortak vizyonu ve kad\u0131nlar\u0131n el eme\u011fiyle yap\u0131lan \u00e7a\u011fda\u015f yorumlar sayesinde \u015eanl\u0131urfa&#8217;n\u0131n k\u00fclt\u00fcrel s\u00fcreklili\u011finin ya\u015fayan bir par\u00e7as\u0131 olmaya devam edecek.<\/p>\n","protected":false},"excerpt":{"rendered":"<p>\u015eanl\u0131urfa&#8217;n\u0131n en \u00f6nemli k\u00fclt\u00fcrel miraslar\u0131ndan biri olan ve zamanla unutulmaya y\u00fcz tutan &#8220;ehram&#8221; dokumas\u0131, kad\u0131nlar\u0131n&#8230;<\/p>\n","protected":false},"author":1,"featured_media":0,"comment_status":"closed","ping_status":"closed","sticky":false,"template":"","format":"standard","meta":{"footnotes":""},"categories":[1],"tags":[],"class_list":["post-4920","post","type-post","status-publish","format-standard","hentry","category-guncel-haberler"],"_links":{"self":[{"href":"https:\/\/manseturfa.com\/index.php?rest_route=\/wp\/v2\/posts\/4920","targetHints":{"allow":["GET"]}}],"collection":[{"href":"https:\/\/manseturfa.com\/index.php?rest_route=\/wp\/v2\/posts"}],"about":[{"href":"https:\/\/manseturfa.com\/index.php?rest_route=\/wp\/v2\/types\/post"}],"author":[{"embeddable":true,"href":"https:\/\/manseturfa.com\/index.php?rest_route=\/wp\/v2\/users\/1"}],"replies":[{"embeddable":true,"href":"https:\/\/manseturfa.com\/index.php?rest_route=%2Fwp%2Fv2%2Fcomments&post=4920"}],"version-history":[{"count":0,"href":"https:\/\/manseturfa.com\/index.php?rest_route=\/wp\/v2\/posts\/4920\/revisions"}],"wp:attachment":[{"href":"https:\/\/manseturfa.com\/index.php?rest_route=%2Fwp%2Fv2%2Fmedia&parent=4920"}],"wp:term":[{"taxonomy":"category","embeddable":true,"href":"https:\/\/manseturfa.com\/index.php?rest_route=%2Fwp%2Fv2%2Fcategories&post=4920"},{"taxonomy":"post_tag","embeddable":true,"href":"https:\/\/manseturfa.com\/index.php?rest_route=%2Fwp%2Fv2%2Ftags&post=4920"}],"curies":[{"name":"wp","href":"https:\/\/api.w.org\/{rel}","templated":true}]}}