{"id":4921,"date":"2026-04-29T14:50:58","date_gmt":"2026-04-29T14:50:58","guid":{"rendered":"https:\/\/manseturfa.com\/?p=4921"},"modified":"2026-04-29T14:50:58","modified_gmt":"2026-04-29T14:50:58","slug":"okul-saldirilari-ile-ilgili-meclis-arastirma-komisyonu-toplandi","status":"publish","type":"post","link":"https:\/\/manseturfa.com\/?p=4921","title":{"rendered":"Okul sald\u0131r\u0131lar\u0131 ile ilgili Meclis ara\u015ft\u0131rma komisyonu topland\u0131!"},"content":{"rendered":"<p>TBMM&#8217;de\u00a0\u015eanl\u0131urfa\u00a0ve Kahramanmara\u015f&#8217;taki okullarda ya\u015fanan sald\u0131r\u0131lar ile \u00e7ocuklar\u0131n dijital ortamlarda kar\u015f\u0131la\u015ft\u0131klar\u0131 risklerin t\u00fcm y\u00f6nleriyle ele al\u0131narak ara\u015ft\u0131r\u0131lmas\u0131 i\u00e7in kurulan komisyon topland\u0131.<\/p>\n<p><strong>KOM\u0130SYON\u00a0D\u0130VAN \u00dcYELER\u0130N\u0130 SE\u00c7MEK \u0130\u00c7\u0130N TOPLANDI<\/strong><br \/> \u015eanl\u0131urfa\u00a0ve Kahramanmara\u015f&#8217;taki okul olaylar\u0131n\u0131 ve dijital riskleri ara\u015ft\u0131rmak i\u00e7in Meclis Ara\u015ft\u0131rma Komisyonu kurulmas\u0131 kabul edilmi\u015fti. TBMM Genel Kurulu&#8217;nda \u00fcye se\u00e7imi yap\u0131lm\u0131\u015ft\u0131. Bug\u00fcn de Ara\u015ft\u0131rma Komisyonu, Divan \u00fcyelerini se\u00e7mek \u00fczere topland\u0131. Komisyon ba\u015fkanl\u0131\u011f\u0131na AK Parti Tokat Milletvekili Yusuf Beyaz\u0131t se\u00e7ildi.<\/p>\n<p>Kaynak: \u0130HA\u00a0<\/p>\n","protected":false},"excerpt":{"rendered":"<p>TBMM&#8217;de\u00a0\u015eanl\u0131urfa\u00a0ve Kahramanmara\u015f&#8217;taki okullarda ya\u015fanan sald\u0131r\u0131lar ile \u00e7ocuklar\u0131n dijital ortamlarda kar\u015f\u0131la\u015ft\u0131klar\u0131 risklerin t\u00fcm y\u00f6nleriyle ele al\u0131narak&#8230;<\/p>\n","protected":false},"author":1,"featured_media":0,"comment_status":"closed","ping_status":"closed","sticky":false,"template":"","format":"standard","meta":{"footnotes":""},"categories":[1],"tags":[],"class_list":["post-4921","post","type-post","status-publish","format-standard","hentry","category-guncel-haberler"],"_links":{"self":[{"href":"https:\/\/manseturfa.com\/index.php?rest_route=\/wp\/v2\/posts\/4921","targetHints":{"allow":["GET"]}}],"collection":[{"href":"https:\/\/manseturfa.com\/index.php?rest_route=\/wp\/v2\/posts"}],"about":[{"href":"https:\/\/manseturfa.com\/index.php?rest_route=\/wp\/v2\/types\/post"}],"author":[{"embeddable":true,"href":"https:\/\/manseturfa.com\/index.php?rest_route=\/wp\/v2\/users\/1"}],"replies":[{"embeddable":true,"href":"https:\/\/manseturfa.com\/index.php?rest_route=%2Fwp%2Fv2%2Fcomments&post=4921"}],"version-history":[{"count":0,"href":"https:\/\/manseturfa.com\/index.php?rest_route=\/wp\/v2\/posts\/4921\/revisions"}],"wp:attachment":[{"href":"https:\/\/manseturfa.com\/index.php?rest_route=%2Fwp%2Fv2%2Fmedia&parent=4921"}],"wp:term":[{"taxonomy":"category","embeddable":true,"href":"https:\/\/manseturfa.com\/index.php?rest_route=%2Fwp%2Fv2%2Fcategories&post=4921"},{"taxonomy":"post_tag","embeddable":true,"href":"https:\/\/manseturfa.com\/index.php?rest_route=%2Fwp%2Fv2%2Ftags&post=4921"}],"curies":[{"name":"wp","href":"https:\/\/api.w.org\/{rel}","templated":true}]}}