{"id":4922,"date":"2026-04-29T15:41:52","date_gmt":"2026-04-29T15:41:52","guid":{"rendered":"https:\/\/manseturfa.com\/?p=4922"},"modified":"2026-04-29T15:41:52","modified_gmt":"2026-04-29T15:41:52","slug":"izmirde-zincirleme-kaza-cok-sayida-yarali-var","status":"publish","type":"post","link":"https:\/\/manseturfa.com\/?p=4922","title":{"rendered":"\u0130zmir&#8217;de zincirleme kaza: \u00c7ok say\u0131da yaral\u0131 var!"},"content":{"rendered":"<p>\u0130zmir&#8217;in Bornova il\u00e7esinde freni patlayan t\u0131r\u0131n kar\u015f\u0131 \u015feride ge\u00e7erek aralar\u0131nda polis arac\u0131n\u0131n da bulundu\u011fu ara\u00e7lara \u00e7arpmas\u0131 sonucu meydana gelen zincirleme kazada 1 ki\u015fi hayat\u0131n\u0131 kaybetti, 7 ki\u015fi yaraland\u0131.<\/p>\n<p><img loading=\"lazy\" decoding=\"async\" alt=\"\u0130zmir'de zincirleme kaza: \u00c7ok say\u0131da yaral\u0131 var!\" class=\"mx-auto max-w-full h-auto shadow-sm\" height=\"900\" src=\"https:\/\/www.urfahaber.com\/images\/uploads\/2026\/04\/aw694218-03-69f22a1ae57c0.jpg\" width=\"1200\" \/><\/p>\n<p><strong>REF\u00dcJ\u00dc A\u015eIP KAR\u015eI \u015eER\u0130DE GE\u00c7T\u0130<\/strong><br \/> Edinilen bilgiye g\u00f6re, Manisa istikametinden Bornova y\u00f6n\u00fcne seyir halinde olan t\u0131r, freninin patlamas\u0131yla kontrolden \u00e7\u0131karak ref\u00fcj\u00fc a\u015f\u0131p kar\u015f\u0131 \u015feride ge\u00e7ti. T\u0131r, aralar\u0131nda polis arac\u0131n\u0131n da bulundu\u011fu ara\u00e7lara \u00e7arpt\u0131.<\/p>\n<p><img loading=\"lazy\" decoding=\"async\" alt=\"\u0130zmir'de zincirleme kaza: \u00c7ok say\u0131da yaral\u0131 var!\" class=\"mx-auto max-w-full h-auto shadow-sm\" height=\"900\" src=\"https:\/\/www.urfahaber.com\/images\/uploads\/2026\/04\/aw694218-02-69f22a2fa5639.jpg\" width=\"1200\" \/><\/p>\n<p><strong>B\u00d6LGEYE SA\u011eLIK VE POL\u0130S EK\u0130PLER\u0130 SEVK ED\u0130LD\u0130<\/strong><\/p>\n<p>\u0130hbar \u00fczerine b\u00f6lgeye \u00e7ok say\u0131da polis, sa\u011fl\u0131k ve itfaiye ekibi sevk edildi. Sa\u011fl\u0131k ekipleri taraf\u0131ndan yap\u0131lan kontrolde 1 ki\u015finin hayat\u0131n\u0131 kaybetti\u011fi, 7 ki\u015finin ise yaraland\u0131\u011f\u0131 belirlendi. Yaral\u0131lar, olay yerindeki ilk m\u00fcdahalenin ard\u0131ndan ambulanslarla \u00e7evredeki hastanelere kald\u0131r\u0131ld\u0131. \u0130tfaiye ve polis ekiplerinin kaza yerindeki \u00e7al\u0131\u015fmalar\u0131 devam ediyor.<\/p>\n<p>Kaynak: \u0130HA\u00a0<\/p>\n","protected":false},"excerpt":{"rendered":"<p>\u0130zmir&#8217;in Bornova il\u00e7esinde freni patlayan t\u0131r\u0131n kar\u015f\u0131 \u015feride ge\u00e7erek aralar\u0131nda polis arac\u0131n\u0131n da bulundu\u011fu ara\u00e7lara&#8230;<\/p>\n","protected":false},"author":1,"featured_media":0,"comment_status":"closed","ping_status":"closed","sticky":false,"template":"","format":"standard","meta":{"footnotes":""},"categories":[1],"tags":[],"class_list":["post-4922","post","type-post","status-publish","format-standard","hentry","category-guncel-haberler"],"_links":{"self":[{"href":"https:\/\/manseturfa.com\/index.php?rest_route=\/wp\/v2\/posts\/4922","targetHints":{"allow":["GET"]}}],"collection":[{"href":"https:\/\/manseturfa.com\/index.php?rest_route=\/wp\/v2\/posts"}],"about":[{"href":"https:\/\/manseturfa.com\/index.php?rest_route=\/wp\/v2\/types\/post"}],"author":[{"embeddable":true,"href":"https:\/\/manseturfa.com\/index.php?rest_route=\/wp\/v2\/users\/1"}],"replies":[{"embeddable":true,"href":"https:\/\/manseturfa.com\/index.php?rest_route=%2Fwp%2Fv2%2Fcomments&post=4922"}],"version-history":[{"count":0,"href":"https:\/\/manseturfa.com\/index.php?rest_route=\/wp\/v2\/posts\/4922\/revisions"}],"wp:attachment":[{"href":"https:\/\/manseturfa.com\/index.php?rest_route=%2Fwp%2Fv2%2Fmedia&parent=4922"}],"wp:term":[{"taxonomy":"category","embeddable":true,"href":"https:\/\/manseturfa.com\/index.php?rest_route=%2Fwp%2Fv2%2Fcategories&post=4922"},{"taxonomy":"post_tag","embeddable":true,"href":"https:\/\/manseturfa.com\/index.php?rest_route=%2Fwp%2Fv2%2Ftags&post=4922"}],"curies":[{"name":"wp","href":"https:\/\/api.w.org\/{rel}","templated":true}]}}