{"id":4927,"date":"2026-04-29T19:04:54","date_gmt":"2026-04-29T19:04:54","guid":{"rendered":"https:\/\/manseturfa.com\/?p=4927"},"modified":"2026-04-29T19:04:54","modified_gmt":"2026-04-29T19:04:54","slug":"adiyamandaki-kazada-yaralanan-motosiklet-surucusu-yasamini-yitirdi","status":"publish","type":"post","link":"https:\/\/manseturfa.com\/?p=4927","title":{"rendered":"Ad\u0131yaman&#8217;daki kazada yaralanan motosiklet s\u00fcr\u00fcc\u00fcs\u00fc ya\u015fam\u0131n\u0131 yitirdi!"},"content":{"rendered":"<p>Ad\u0131yaman&#8217;da yaya ge\u00e7idinden yolun kar\u015f\u0131s\u0131na ge\u00e7erken otomobilin \u00e7arpmas\u0131 sonucu a\u011f\u0131r yaralanan motosiklet s\u00fcr\u00fcc\u00fcs\u00fc, 1 haftal\u0131k ya\u015fam m\u00fccadelesini kaybetti.<br \/> Kaza, 21 Nisan&#8217;da Ad\u0131yaman merkez Atat\u00fcrk Bulvar\u0131 Karayollar\u0131 Kav\u015fa\u011f\u0131 yak\u0131nlar\u0131nda meydana gelmi\u015fti.<\/p>\n<p><img loading=\"lazy\" decoding=\"async\" alt=\"Ad\u0131yaman'daki kazada yaralanan motosiklet s\u00fcr\u00fcc\u00fcs\u00fc ya\u015fam\u0131n\u0131 yitirdi!\" class=\"mx-auto max-w-full h-auto shadow-sm\" height=\"675\" src=\"https:\/\/www.urfahaber.com\/images\/uploads\/2026\/04\/aw694288-01-69f25cac73bf6.jpg\" width=\"1200\" \/><\/p>\n<p><strong>\u0130K\u0130 MOTOS\u0130KLET \u00c7ARPI\u015eMI\u015eTI<\/strong><\/p>\n<p>Yunus Emre Y. idaresindeki 07 CKG 084 plakal\u0131 otomobil, yaya ge\u00e7idinden yolun kar\u015f\u0131s\u0131na ge\u00e7meye \u00e7al\u0131\u015fan Mehmet \u015ea\u015fmaz idaresindeki 34 HGF 379 plakal\u0131 motosiklete \u00e7arpm\u0131\u015ft\u0131. Kazada motosiklet s\u00fcr\u00fcc\u00fcs\u00fc Mehmet \u015ea\u015fmaz yaralanm\u0131\u015f, olay yerine gelen sa\u011fl\u0131k ekiplerince ilk m\u00fcdahalenin ard\u0131ndan Ad\u0131yaman E\u011fitim ve Ara\u015ft\u0131rma Hastanesi&#8217;ne kald\u0131r\u0131lm\u0131\u015ft\u0131.<\/p>\n<p><strong>1 HAFTALIK YA\u015eAM M\u00dcCADELES\u0130N\u0130 KAYBETT\u0130<\/strong><br \/> Hastanede tedavi alt\u0131na al\u0131nan Mehmet \u015ea\u015fmaz, t\u00fcm m\u00fcdahalelere ra\u011fmen 1 haftal\u0131k ya\u015fam m\u00fccadelesini kaybetti.<br \/> Kazayla ilgili soru\u015fturma ba\u015flat\u0131ld\u0131.<\/p>\n<p>Kaynak: \u0130HA\u00a0<\/p>\n","protected":false},"excerpt":{"rendered":"<p>Ad\u0131yaman&#8217;da yaya ge\u00e7idinden yolun kar\u015f\u0131s\u0131na ge\u00e7erken otomobilin \u00e7arpmas\u0131 sonucu a\u011f\u0131r yaralanan motosiklet s\u00fcr\u00fcc\u00fcs\u00fc, 1 haftal\u0131k&#8230;<\/p>\n","protected":false},"author":1,"featured_media":0,"comment_status":"closed","ping_status":"closed","sticky":false,"template":"","format":"standard","meta":{"footnotes":""},"categories":[1],"tags":[],"class_list":["post-4927","post","type-post","status-publish","format-standard","hentry","category-guncel-haberler"],"_links":{"self":[{"href":"https:\/\/manseturfa.com\/index.php?rest_route=\/wp\/v2\/posts\/4927","targetHints":{"allow":["GET"]}}],"collection":[{"href":"https:\/\/manseturfa.com\/index.php?rest_route=\/wp\/v2\/posts"}],"about":[{"href":"https:\/\/manseturfa.com\/index.php?rest_route=\/wp\/v2\/types\/post"}],"author":[{"embeddable":true,"href":"https:\/\/manseturfa.com\/index.php?rest_route=\/wp\/v2\/users\/1"}],"replies":[{"embeddable":true,"href":"https:\/\/manseturfa.com\/index.php?rest_route=%2Fwp%2Fv2%2Fcomments&post=4927"}],"version-history":[{"count":0,"href":"https:\/\/manseturfa.com\/index.php?rest_route=\/wp\/v2\/posts\/4927\/revisions"}],"wp:attachment":[{"href":"https:\/\/manseturfa.com\/index.php?rest_route=%2Fwp%2Fv2%2Fmedia&parent=4927"}],"wp:term":[{"taxonomy":"category","embeddable":true,"href":"https:\/\/manseturfa.com\/index.php?rest_route=%2Fwp%2Fv2%2Fcategories&post=4927"},{"taxonomy":"post_tag","embeddable":true,"href":"https:\/\/manseturfa.com\/index.php?rest_route=%2Fwp%2Fv2%2Ftags&post=4927"}],"curies":[{"name":"wp","href":"https:\/\/api.w.org\/{rel}","templated":true}]}}