{"id":4928,"date":"2026-04-29T19:40:34","date_gmt":"2026-04-29T19:40:34","guid":{"rendered":"https:\/\/manseturfa.com\/?p=4928"},"modified":"2026-04-29T19:40:34","modified_gmt":"2026-04-29T19:40:34","slug":"urfada-ozel-bireyler-icin-hayvan-destekli-rehabilitasyon","status":"publish","type":"post","link":"https:\/\/manseturfa.com\/?p=4928","title":{"rendered":"Urfa&#8217;da \u00f6zel bireyler i\u00e7in hayvan destekli rehabilitasyon!"},"content":{"rendered":"<p>\u015eanl\u0131urfa Aile ve Sosyal Hizmetler \u0130l M\u00fcd\u00fcrl\u00fc\u011f\u00fc\u2019ne ba\u011fl\u0131 Bak\u0131m ve Rehabilitasyon Merkezi\u2019nde \u00f6zel bireyler i\u00e7in hayvan destekli rehabilitasyon etkinlikleri d\u00fczenleniyor. Ger\u00e7ekle\u015ftirilen bu \u00e7al\u0131\u015fmalar\u0131n, bireylerin duygusal ve sosyal geli\u015fimlerine olumlu katk\u0131 sa\u011flad\u0131\u011f\u0131 belirtildi.<\/p>\n<p><img loading=\"lazy\" decoding=\"async\" alt=\"Urfa'da \u00f6zel bireyler i\u00e7in hayvan destekli rehabilitasyon!\" class=\"mx-auto max-w-full h-auto shadow-sm\" height=\"675\" src=\"https:\/\/www.urfahaber.com\/images\/uploads\/2026\/04\/saplaaaaaaaaaaaaaaaaaaaaaaaaaaaa-69f2615291991.jpg\" width=\"1200\" \/><\/p>\n<p><strong>HAYVAN DESTEKL\u0130 ETK\u0130NL\u0130KLERLE GEL\u0130\u015e\u0130M DESTE\u011e\u0130<\/strong><\/p>\n<p>Merkezde ger\u00e7ekle\u015ftirilen hayvan destekli rehabilitasyon saatlerinin, \u00f6zel bireylerin duygusal ve sosyal geli\u015fimlerine katk\u0131 sa\u011flad\u0131\u011f\u0131 ifade edildi.<\/p>\n","protected":false},"excerpt":{"rendered":"<p>\u015eanl\u0131urfa Aile ve Sosyal Hizmetler \u0130l M\u00fcd\u00fcrl\u00fc\u011f\u00fc\u2019ne ba\u011fl\u0131 Bak\u0131m ve Rehabilitasyon Merkezi\u2019nde \u00f6zel bireyler i\u00e7in&#8230;<\/p>\n","protected":false},"author":1,"featured_media":0,"comment_status":"closed","ping_status":"closed","sticky":false,"template":"","format":"standard","meta":{"footnotes":""},"categories":[1],"tags":[],"class_list":["post-4928","post","type-post","status-publish","format-standard","hentry","category-guncel-haberler"],"_links":{"self":[{"href":"https:\/\/manseturfa.com\/index.php?rest_route=\/wp\/v2\/posts\/4928","targetHints":{"allow":["GET"]}}],"collection":[{"href":"https:\/\/manseturfa.com\/index.php?rest_route=\/wp\/v2\/posts"}],"about":[{"href":"https:\/\/manseturfa.com\/index.php?rest_route=\/wp\/v2\/types\/post"}],"author":[{"embeddable":true,"href":"https:\/\/manseturfa.com\/index.php?rest_route=\/wp\/v2\/users\/1"}],"replies":[{"embeddable":true,"href":"https:\/\/manseturfa.com\/index.php?rest_route=%2Fwp%2Fv2%2Fcomments&post=4928"}],"version-history":[{"count":0,"href":"https:\/\/manseturfa.com\/index.php?rest_route=\/wp\/v2\/posts\/4928\/revisions"}],"wp:attachment":[{"href":"https:\/\/manseturfa.com\/index.php?rest_route=%2Fwp%2Fv2%2Fmedia&parent=4928"}],"wp:term":[{"taxonomy":"category","embeddable":true,"href":"https:\/\/manseturfa.com\/index.php?rest_route=%2Fwp%2Fv2%2Fcategories&post=4928"},{"taxonomy":"post_tag","embeddable":true,"href":"https:\/\/manseturfa.com\/index.php?rest_route=%2Fwp%2Fv2%2Ftags&post=4928"}],"curies":[{"name":"wp","href":"https:\/\/api.w.org\/{rel}","templated":true}]}}