{"id":4937,"date":"2026-04-30T07:01:34","date_gmt":"2026-04-30T07:01:34","guid":{"rendered":"https:\/\/manseturfa.com\/?p=4937"},"modified":"2026-04-30T07:01:34","modified_gmt":"2026-04-30T07:01:34","slug":"karacadag-bolgesinde-okullar-arasi-bilgi-yarismasi-duzenlendi","status":"publish","type":"post","link":"https:\/\/manseturfa.com\/?p=4937","title":{"rendered":"Karacada\u011f b\u00f6lgesi\u2019nde okullar aras\u0131 bilgi yar\u0131\u015fmas\u0131 d\u00fczenlendi!"},"content":{"rendered":"<p>\u015eanl\u0131urfa\u2019n\u0131n Siverek il\u00e7esinde, Karacada\u011f b\u00f6lgesinde bulunan ta\u015f\u0131ma merkezi okullar aras\u0131nda d\u00fczenlenen bilgi yar\u0131\u015fmas\u0131, 14 okulun kat\u0131l\u0131m\u0131yla ger\u00e7ekle\u015ftirildi.<\/p>\n<p><img loading=\"lazy\" decoding=\"async\" alt=\"G\u00f6rsel\" class=\"mx-auto max-w-full h-auto shadow-sm\" height=\"830\" src=\"https:\/\/www.urfahaber.com\/images\/uploads\/2026\/04\/okul-ara1-69f2fde3590e5.jpg\" width=\"851\" \/><\/p>\n<p>Dilekli Ortaokulu T\u00fcrk\u00e7e \u00d6\u011fretmeni Elvan \u00c7akmak koordinat\u00f6rl\u00fc\u011f\u00fcnde, G\u00fcl\u00fcce Ortaokulu ev sahipli\u011finde d\u00fczenlenen yar\u0131\u015fmaya il\u00e7e kaymakam\u0131 Salih Sak ile \u0130l\u00e7e Milli E\u011fitim M\u00fcd\u00fcr\u00fc Nuri Kapano\u011flu da kat\u0131ld\u0131.<\/p>\n<p><img loading=\"lazy\" decoding=\"async\" alt=\"G\u00f6rsel\" class=\"mx-auto max-w-full h-auto shadow-sm\" height=\"656\" src=\"https:\/\/www.urfahaber.com\/images\/uploads\/2026\/04\/okul-ara2-69f2fded0728d.jpg\" width=\"874\" \/><\/p>\n<p>\u00d6\u011frencilerin bilgi ve k\u00fclt\u00fcr alan\u0131ndaki geli\u015fimine katk\u0131 sunmak amac\u0131yla ger\u00e7ekle\u015ftirilen yar\u0131\u015fmada, ortaokul \u00f6\u011frencileri k\u0131yas\u0131ya m\u00fccadele etti.<\/p>\n<p>Yar\u0131\u015fma sonunda Karacada\u011f Ortaokulu birinci, Ekinci Ortaokulu ikinci, \u00dc\u00e7kuyu Ortaokulu ise \u00fc\u00e7\u00fcnc\u00fc oldu.<\/p>\n<p><img loading=\"lazy\" decoding=\"async\" alt=\"G\u00f6rsel\" class=\"mx-auto max-w-full h-auto shadow-sm\" height=\"718\" src=\"https:\/\/www.urfahaber.com\/images\/uploads\/2026\/04\/okul-ara3-69f2fdf9c2c01.jpg\" width=\"847\" \/><\/p>\n<p>Program, dereceye giren okul ve \u00f6\u011frencilerine \u00f6d\u00fclleri verilerek son buldu.<\/p>\n<p>Kaynak: \u0130HA<\/p>\n","protected":false},"excerpt":{"rendered":"<p>\u015eanl\u0131urfa\u2019n\u0131n Siverek il\u00e7esinde, Karacada\u011f b\u00f6lgesinde bulunan ta\u015f\u0131ma merkezi okullar aras\u0131nda d\u00fczenlenen bilgi yar\u0131\u015fmas\u0131, 14 okulun&#8230;<\/p>\n","protected":false},"author":1,"featured_media":0,"comment_status":"closed","ping_status":"closed","sticky":false,"template":"","format":"standard","meta":{"footnotes":""},"categories":[1],"tags":[],"class_list":["post-4937","post","type-post","status-publish","format-standard","hentry","category-guncel-haberler"],"_links":{"self":[{"href":"https:\/\/manseturfa.com\/index.php?rest_route=\/wp\/v2\/posts\/4937","targetHints":{"allow":["GET"]}}],"collection":[{"href":"https:\/\/manseturfa.com\/index.php?rest_route=\/wp\/v2\/posts"}],"about":[{"href":"https:\/\/manseturfa.com\/index.php?rest_route=\/wp\/v2\/types\/post"}],"author":[{"embeddable":true,"href":"https:\/\/manseturfa.com\/index.php?rest_route=\/wp\/v2\/users\/1"}],"replies":[{"embeddable":true,"href":"https:\/\/manseturfa.com\/index.php?rest_route=%2Fwp%2Fv2%2Fcomments&post=4937"}],"version-history":[{"count":0,"href":"https:\/\/manseturfa.com\/index.php?rest_route=\/wp\/v2\/posts\/4937\/revisions"}],"wp:attachment":[{"href":"https:\/\/manseturfa.com\/index.php?rest_route=%2Fwp%2Fv2%2Fmedia&parent=4937"}],"wp:term":[{"taxonomy":"category","embeddable":true,"href":"https:\/\/manseturfa.com\/index.php?rest_route=%2Fwp%2Fv2%2Fcategories&post=4937"},{"taxonomy":"post_tag","embeddable":true,"href":"https:\/\/manseturfa.com\/index.php?rest_route=%2Fwp%2Fv2%2Ftags&post=4937"}],"curies":[{"name":"wp","href":"https:\/\/api.w.org\/{rel}","templated":true}]}}