{"id":4941,"date":"2026-04-30T07:28:41","date_gmt":"2026-04-30T07:28:41","guid":{"rendered":"https:\/\/manseturfa.com\/?p=4941"},"modified":"2026-04-30T07:28:41","modified_gmt":"2026-04-30T07:28:41","slug":"meteorolojiden-bircok-il-icin-onemli-uyari","status":"publish","type":"post","link":"https:\/\/manseturfa.com\/?p=4941","title":{"rendered":"Meteorolojiden bir\u00e7ok il i\u00e7in \u00f6nemli uyar\u0131!"},"content":{"rendered":"<p>Yurt genelinde mevsim normalleri civar\u0131nda seyreden hava s\u0131cakl\u0131klar\u0131n\u0131n, ak\u015fam saatlerinden itibaren \u00f6zellikle kuzeybat\u0131 kesimlerde d\u00fc\u015f\u00fc\u015fe ge\u00e7mesi bekleniyor.\u00a0<\/p>\n<h2><img loading=\"lazy\" decoding=\"async\" alt=\"Meteorolojiden bir\u00e7ok il i\u00e7in \u00f6nemli uyar\u0131!\" class=\"mx-auto max-w-full h-auto shadow-sm\" height=\"784\" src=\"https:\/\/www.urfahaber.com\/images\/uploads\/2026\/04\/hava-69f304da55c8e.jpg\" width=\"1168\" \/><strong>SICAKLIKLARDA D\u00dc\u015e\u00dc\u015e BEKLEN\u0130YOR<\/strong><\/h2>\n<p>Meteoroloji Genel M\u00fcd\u00fcr\u00fcl\u00fc\u011f\u00fc taraf\u0131ndan yap\u0131lan\u00a0de\u011ferlendirmelere g\u00f6re, g\u00fcn boyunca normal seviyelerde seyreden hava s\u0131cakl\u0131klar\u0131, ak\u015fam saatlerinden sonra kuzeybat\u0131 b\u00f6lgelerde mevsim normallerinin alt\u0131na inecek.<\/p>\n<p>Bu durumun \u00f6zellikle Marmara B\u00f6lgesi\u2019nde hissedilir derecede olaca\u011f\u0131 tahmin ediliyor.<\/p>\n<h2><img loading=\"lazy\" decoding=\"async\" alt=\"Meteorolojiden bir\u00e7ok il i\u00e7in \u00f6nemli uyar\u0131!\" class=\"mx-auto max-w-full h-auto shadow-sm\" height=\"784\" src=\"https:\/\/www.urfahaber.com\/images\/uploads\/2026\/04\/yagmur-69f304e62bf49.jpg\" width=\"1168\" \/><strong>KUVVETL\u0130 YA\u011eI\u015e BEKLEN\u0130YOR<\/strong><\/h2>\n<p>Yar\u0131n (Cuma) gece saatlerinde Trakya ba\u015fta olmak \u00fczere \u0130stanbul, Kocaeli, \u00c7anakkale, Yalova ve Tunceli \u00e7evrelerinde yer yer kuvvetli ya\u011f\u0131\u015f bekleniyor. Ani su bask\u0131n\u0131, sel ve ula\u015f\u0131mda aksamalara kar\u015f\u0131 vatanda\u015flar\u0131n tedbirli olmas\u0131 konusunda uyar\u0131lar yap\u0131ld\u0131.<\/p>\n<h2><img loading=\"lazy\" decoding=\"async\" alt=\"Meteorolojiden bir\u00e7ok il i\u00e7in \u00f6nemli uyar\u0131!\" class=\"mx-auto max-w-full h-auto shadow-sm\" height=\"784\" src=\"https:\/\/www.urfahaber.com\/images\/uploads\/2026\/04\/cig-69f304f2b3be1.jpg\" width=\"1168\" \/><strong>\u00c7I\u011e\u00a0TEHL\u0130KES\u0130NE D\u0130KKAT<\/strong><\/h2>\n<p>Do\u011fu Karadeniz\u2019in i\u00e7 kesimlerinin y\u00fcksekleri ile Do\u011fu Anadolu\u2019nun do\u011fusundaki kar \u00f6rt\u00fcs\u00fcn\u00fcn yo\u011fun oldu\u011fu e\u011fimli alanlarda \u00e7\u0131\u011f riski devam ediyor. Kar erimesine ba\u011fl\u0131 olarak artabilecek risklere kar\u015f\u0131 \u00f6zellikle bu b\u00f6lgelerde ya\u015fayanlar\u0131n ve b\u00f6lgeyi ziyaret edenlerin dikkatli olmas\u0131 istendi.<\/p>\n","protected":false},"excerpt":{"rendered":"<p>Yurt genelinde mevsim normalleri civar\u0131nda seyreden hava s\u0131cakl\u0131klar\u0131n\u0131n, ak\u015fam saatlerinden itibaren \u00f6zellikle kuzeybat\u0131 kesimlerde d\u00fc\u015f\u00fc\u015fe&#8230;<\/p>\n","protected":false},"author":1,"featured_media":0,"comment_status":"closed","ping_status":"closed","sticky":false,"template":"","format":"standard","meta":{"footnotes":""},"categories":[1],"tags":[],"class_list":["post-4941","post","type-post","status-publish","format-standard","hentry","category-guncel-haberler"],"_links":{"self":[{"href":"https:\/\/manseturfa.com\/index.php?rest_route=\/wp\/v2\/posts\/4941","targetHints":{"allow":["GET"]}}],"collection":[{"href":"https:\/\/manseturfa.com\/index.php?rest_route=\/wp\/v2\/posts"}],"about":[{"href":"https:\/\/manseturfa.com\/index.php?rest_route=\/wp\/v2\/types\/post"}],"author":[{"embeddable":true,"href":"https:\/\/manseturfa.com\/index.php?rest_route=\/wp\/v2\/users\/1"}],"replies":[{"embeddable":true,"href":"https:\/\/manseturfa.com\/index.php?rest_route=%2Fwp%2Fv2%2Fcomments&post=4941"}],"version-history":[{"count":0,"href":"https:\/\/manseturfa.com\/index.php?rest_route=\/wp\/v2\/posts\/4941\/revisions"}],"wp:attachment":[{"href":"https:\/\/manseturfa.com\/index.php?rest_route=%2Fwp%2Fv2%2Fmedia&parent=4941"}],"wp:term":[{"taxonomy":"category","embeddable":true,"href":"https:\/\/manseturfa.com\/index.php?rest_route=%2Fwp%2Fv2%2Fcategories&post=4941"},{"taxonomy":"post_tag","embeddable":true,"href":"https:\/\/manseturfa.com\/index.php?rest_route=%2Fwp%2Fv2%2Ftags&post=4941"}],"curies":[{"name":"wp","href":"https:\/\/api.w.org\/{rel}","templated":true}]}}