{"id":4942,"date":"2026-04-30T07:50:18","date_gmt":"2026-04-30T07:50:18","guid":{"rendered":"https:\/\/manseturfa.com\/?p=4942"},"modified":"2026-04-30T07:50:18","modified_gmt":"2026-04-30T07:50:18","slug":"sanliurfa-milletvekili-ozyavuza-onemli-gorev","status":"publish","type":"post","link":"https:\/\/manseturfa.com\/?p=4942","title":{"rendered":"\u015eanl\u0131urfa Milletvekili \u00d6zyavuz\u2019a \u00f6nemli g\u00f6rev!"},"content":{"rendered":"<p>Milliyet\u00e7i Hareket Partisi (MHP) \u015eanl\u0131urfa Milletvekili \u0130brahim \u00d6zyavuz, TBMM\u2019de kurulan Meclis Ara\u015ft\u0131rma Komisyonu\u2019na \u00fcye se\u00e7ildi.<\/p>\n<p><img loading=\"lazy\" decoding=\"async\" alt=\"\u015eanl\u0131urfa Milletvekili \u00d6zyavuz\u2019a \u00f6nemli g\u00f6rev!\" class=\"mx-auto max-w-full h-auto shadow-sm\" height=\"659\" src=\"https:\/\/www.urfahaber.com\/images\/uploads\/2026\/04\/ozyavuz-69f30a1033f04.webp\" width=\"881\" \/>\u201c\u015eanl\u0131urfa ve Kahramanmara\u015f\u2019ta okullarda meydana gelen olaylar ile \u00e7ocuklar\u0131n dijital ortamlarda kar\u015f\u0131la\u015ft\u0131klar\u0131 riskler ve olumsuz etkilerin ara\u015ft\u0131r\u0131lmas\u0131\u201d amac\u0131yla olu\u015fturulan komisyonda MHP Grubu ad\u0131na g\u00f6rev alacak olan \u00d6zyavuz, komisyonun ilk toplant\u0131s\u0131n\u0131 ger\u00e7ekle\u015ftirdiklerini a\u00e7\u0131klad\u0131.<\/p>\n<h2><img loading=\"lazy\" decoding=\"async\" alt=\"\u015eanl\u0131urfa Milletvekili \u00d6zyavuz\u2019a \u00f6nemli g\u00f6rev!\" class=\"mx-auto max-w-full h-auto shadow-sm\" height=\"900\" src=\"https:\/\/www.urfahaber.com\/images\/uploads\/2026\/04\/uye-69f30a23aec47.jpg\" width=\"1200\" \/><strong>22 \u00dcYEDEN OLU\u015eUYOR<\/strong><\/h2>\n<p>22 \u00fcyeden olu\u015fan komisyonun, son d\u00f6nemde ya\u015fanan olaylar\u0131n nedenlerini t\u00fcm y\u00f6nleriyle inceleyerek \u00e7ocuklar\u0131n dijital platformlarda kar\u015f\u0131la\u015ft\u0131\u011f\u0131 riskleri ele almas\u0131 ve kapsaml\u0131 bir rapor haz\u0131rlayarak \u00e7\u00f6z\u00fcm \u00f6nerileri sunmas\u0131 bekleniyor.\u00a0<\/p>\n","protected":false},"excerpt":{"rendered":"<p>Milliyet\u00e7i Hareket Partisi (MHP) \u015eanl\u0131urfa Milletvekili \u0130brahim \u00d6zyavuz, TBMM\u2019de kurulan Meclis Ara\u015ft\u0131rma Komisyonu\u2019na \u00fcye se\u00e7ildi&#8230;.<\/p>\n","protected":false},"author":1,"featured_media":0,"comment_status":"closed","ping_status":"closed","sticky":false,"template":"","format":"standard","meta":{"footnotes":""},"categories":[1],"tags":[],"class_list":["post-4942","post","type-post","status-publish","format-standard","hentry","category-guncel-haberler"],"_links":{"self":[{"href":"https:\/\/manseturfa.com\/index.php?rest_route=\/wp\/v2\/posts\/4942","targetHints":{"allow":["GET"]}}],"collection":[{"href":"https:\/\/manseturfa.com\/index.php?rest_route=\/wp\/v2\/posts"}],"about":[{"href":"https:\/\/manseturfa.com\/index.php?rest_route=\/wp\/v2\/types\/post"}],"author":[{"embeddable":true,"href":"https:\/\/manseturfa.com\/index.php?rest_route=\/wp\/v2\/users\/1"}],"replies":[{"embeddable":true,"href":"https:\/\/manseturfa.com\/index.php?rest_route=%2Fwp%2Fv2%2Fcomments&post=4942"}],"version-history":[{"count":0,"href":"https:\/\/manseturfa.com\/index.php?rest_route=\/wp\/v2\/posts\/4942\/revisions"}],"wp:attachment":[{"href":"https:\/\/manseturfa.com\/index.php?rest_route=%2Fwp%2Fv2%2Fmedia&parent=4942"}],"wp:term":[{"taxonomy":"category","embeddable":true,"href":"https:\/\/manseturfa.com\/index.php?rest_route=%2Fwp%2Fv2%2Fcategories&post=4942"},{"taxonomy":"post_tag","embeddable":true,"href":"https:\/\/manseturfa.com\/index.php?rest_route=%2Fwp%2Fv2%2Ftags&post=4942"}],"curies":[{"name":"wp","href":"https:\/\/api.w.org\/{rel}","templated":true}]}}