{"id":4950,"date":"2026-04-30T11:17:18","date_gmt":"2026-04-30T11:17:18","guid":{"rendered":"https:\/\/manseturfa.com\/?p=4950"},"modified":"2026-04-30T11:17:18","modified_gmt":"2026-04-30T11:17:18","slug":"sanliurfada-20-yas-pismanligi-evlenmek-yerine-okumayi-tercih-ederdim","status":"publish","type":"post","link":"https:\/\/manseturfa.com\/?p=4950","title":{"rendered":"\u015eanl\u0131urfa&#8217;da 20 ya\u015f pi\u015fmanl\u0131\u011f\u0131: Evlenmek yerine okumay\u0131 tercih ederdim!"},"content":{"rendered":"<p>Ge\u00e7mi\u015fteki k\u0131s\u0131tl\u0131 imkanlar ve g\u00fcn\u00fcm\u00fcz\u00fcn zorla\u015fan ya\u015fam \u015fartlar\u0131, vatanda\u015flara eski g\u00fcnleri hat\u0131rlatt\u0131. Kendi ayaklar\u0131 \u00fczerinde durman\u0131n \u00f6nemine vurgu yapan vatanda\u015flar, gen\u00e7 ya\u015fta al\u0131nan kararlar\u0131n t\u00fcm ya\u015fam\u0131 etkiledi\u011fini belirtti. G\u00fcn\u00fcm\u00fczdeki teknolojik ve e\u011fitim f\u0131rsatlar\u0131n\u0131n ge\u00e7mi\u015fe k\u0131yasla daha avantajl\u0131 oldu\u011funa dikkat \u00e7eken vatanda\u015flar, bug\u00fcn ayn\u0131 ko\u015fullarda olmalar\u0131 halinde e\u011fitim hayat\u0131na daha fazla \u00f6ncelik vereceklerini ifade etti.<\/p>\n<h6><strong>&#8220;E\u011e\u0130T\u0130ME DAHA \u00c7OK \u00d6NEM VER\u0130RD\u0130M&#8221;<\/strong><\/h6>\n<p>Ge\u00e7mi\u015fteki e\u011fitim imkanlar\u0131n\u0131n yetersizli\u011fine de\u011finen bir vatanda\u015f, &#8220;E\u011fitimime daha \u00e7ok \u00f6nem verirdim, okumaya daha fazla de\u011fer verirdim. \u00c7\u00fcnk\u00fc hayat\u0131m\u0131zda okuman\u0131n b\u00fct\u00fcn de\u011ferlere ula\u015fmada \u00e7ok faydas\u0131 var.&#8221; dedi.<\/p>\n<h6><strong>&#8220;EVLENMEK YER\u0130NE OKUMAYI TERC\u0130H EDERD\u0130M&#8221;<\/strong><\/h6>\n<p>Erken ya\u015fta al\u0131nan kararlardan duydu\u011fu pi\u015fmanl\u0131\u011f\u0131 dile getiren bir ba\u015fka vatanda\u015f, &#8220;Evlenmek yerine okumay\u0131 tercih ederdim. \u00d6\u011fretmen veya polis olmak, okuyup kendi ayaklar\u0131m\u0131n \u00fcst\u00fcnde durmak isterdim&#8221; ifadelerini kulland\u0131.<\/p>\n<h6><strong>&#8220;\u0130NSANLARA FAYDALI B\u0130R\u0130 OLMAK \u0130STERD\u0130M&#8221;<\/strong><\/h6>\n<p>\u0130\u015f hayat\u0131na at\u0131lmak istedi\u011fini belirten bir di\u011fer vatanda\u015f ise &#8220;\u00d6yle bir imkan\u0131m olsa \u00f6nce okumak ve tecr\u00fcbeli bir insan olmak isterdim. \u0130\u015f adam\u0131 olup insanlara faydal\u0131 bir birey olmak isterdim&#8221; diye konu\u015ftu.<\/p>\n<h6><strong>&#8220;HAYAT BANA H\u0130\u00c7 NAZ\u0130K DAVRANMADI&#8221;<\/strong><\/h6>\n<p>Ya\u015fad\u0131\u011f\u0131 zorluklara dikkat \u00e7eken bir vatanda\u015f, &#8220;Kaderimi de\u011fi\u015ftirmek isterdim. \u00c7\u00fcnk\u00fc hayat bana hi\u00e7 nazik davranmad\u0131. O y\u00fczden kaderimi de\u011fi\u015ftirmek isterdim&#8221; \u015feklinde konu\u015ftu.<\/p>\n<h6><strong>&#8220;\u0130NSANIN DE\u011e\u0130\u015e\u0130M\u0130 KEND\u0130NDEN BA\u015eLAR&#8221;<\/strong><\/h6>\n<p>Hayata daha geni\u015f bir pencereden bakmay\u0131 se\u00e7ece\u011fini belirten bir vatanda\u015f da, &#8220;De\u011fi\u015ftirmekten ziyade hayat\u0131 yeniden anlamaya gayret g\u00f6sterirdim. Yeni k\u00fclt\u00fcrleri, yeni insanlar\u0131 tan\u0131maya f\u0131rsat vermeye \u00e7al\u0131\u015f\u0131rd\u0131m. D\u00fcnyay\u0131 anlamakla kendimi ve b\u00fct\u00fcn toplumu de\u011fi\u015ftirmeyi kendime \u015fiar edinirdim. \u00c7\u00fcnk\u00fc insan\u0131n de\u011fi\u015fimi kendinden ba\u015flar. \u0130nsan de\u011fi\u015firse toplum de\u011fi\u015fir; toplumun de\u011fi\u015fmesi de nitelikli nesillere ortam sa\u011flar&#8221; ifadelerine yer verdi.<\/p>\n","protected":false},"excerpt":{"rendered":"<p>Ge\u00e7mi\u015fteki k\u0131s\u0131tl\u0131 imkanlar ve g\u00fcn\u00fcm\u00fcz\u00fcn zorla\u015fan ya\u015fam \u015fartlar\u0131, vatanda\u015flara eski g\u00fcnleri hat\u0131rlatt\u0131. Kendi ayaklar\u0131 \u00fczerinde&#8230;<\/p>\n","protected":false},"author":1,"featured_media":0,"comment_status":"closed","ping_status":"closed","sticky":false,"template":"","format":"standard","meta":{"footnotes":""},"categories":[1],"tags":[],"class_list":["post-4950","post","type-post","status-publish","format-standard","hentry","category-guncel-haberler"],"_links":{"self":[{"href":"https:\/\/manseturfa.com\/index.php?rest_route=\/wp\/v2\/posts\/4950","targetHints":{"allow":["GET"]}}],"collection":[{"href":"https:\/\/manseturfa.com\/index.php?rest_route=\/wp\/v2\/posts"}],"about":[{"href":"https:\/\/manseturfa.com\/index.php?rest_route=\/wp\/v2\/types\/post"}],"author":[{"embeddable":true,"href":"https:\/\/manseturfa.com\/index.php?rest_route=\/wp\/v2\/users\/1"}],"replies":[{"embeddable":true,"href":"https:\/\/manseturfa.com\/index.php?rest_route=%2Fwp%2Fv2%2Fcomments&post=4950"}],"version-history":[{"count":0,"href":"https:\/\/manseturfa.com\/index.php?rest_route=\/wp\/v2\/posts\/4950\/revisions"}],"wp:attachment":[{"href":"https:\/\/manseturfa.com\/index.php?rest_route=%2Fwp%2Fv2%2Fmedia&parent=4950"}],"wp:term":[{"taxonomy":"category","embeddable":true,"href":"https:\/\/manseturfa.com\/index.php?rest_route=%2Fwp%2Fv2%2Fcategories&post=4950"},{"taxonomy":"post_tag","embeddable":true,"href":"https:\/\/manseturfa.com\/index.php?rest_route=%2Fwp%2Fv2%2Ftags&post=4950"}],"curies":[{"name":"wp","href":"https:\/\/api.w.org\/{rel}","templated":true}]}}