{"id":4955,"date":"2026-04-30T12:52:53","date_gmt":"2026-04-30T12:52:53","guid":{"rendered":"https:\/\/manseturfa.com\/?p=4955"},"modified":"2026-04-30T12:52:53","modified_gmt":"2026-04-30T12:52:53","slug":"aranan-sahis-karakoprude-yakalandi","status":"publish","type":"post","link":"https:\/\/manseturfa.com\/?p=4955","title":{"rendered":"Aranan \u015fah\u0131s Karak\u00f6pr\u00fc\u2019de yakaland\u0131!"},"content":{"rendered":"<p>Edinilen bilgiye g\u00f6re, \u015eanl\u0131urfa \u0130l Jandarma Komutanl\u0131\u011f\u0131 ekipleri, \u201cNitelikli Su\u00e7lardan Aranan \u015eah\u0131slar\u0131n Yakalanmas\u0131na Y\u00f6nelik Yap\u0131lan \u00c7al\u0131\u015fmalar\u201d kapsam\u0131nda, hakk\u0131nda \u201cS\u0131v\u0131 veya Gaz Halindeki Enerji Hakk\u0131nda H\u0131rs\u0131zl\u0131k\u201d su\u00e7undan 10 y\u0131l kesinle\u015fmi\u015f hapis cezas\u0131 bulunan M.B. isimli \u015fahs\u0131 yakalamak i\u00e7in \u00e7al\u0131\u015fma ba\u015flatt\u0131.<\/p>\n<p><img loading=\"lazy\" decoding=\"async\" alt=\"Aranan \u015fah\u0131s Karak\u00f6pr\u00fc\u2019de yakaland\u0131!\" class=\"mx-auto max-w-full h-auto shadow-sm\" height=\"675\" src=\"https:\/\/www.urfahaber.com\/images\/uploads\/2026\/04\/milli-egitim-bakanligindan-kahramanmarastaki-silahli-okul-saldirisiyla-ilgili-aciklama-2-69f3509aa3630.webp\" width=\"1200\" \/><\/p>\n<h2><strong>KARAK\u00d6PR\u00dc\u2019DE YAKALANDI<\/strong><\/h2>\n<p>Yap\u0131lan \u00e7al\u0131\u015fmalar neticesinde \u015fah\u0131s, Karak\u00f6pr\u00fc il\u00e7esinde Karak\u00f6pr\u00fc \u0130l\u00e7e Jandarma Komutanl\u0131\u011f\u0131 ekiplerince icra edilen faaliyetler sonucunda yakalanarak g\u00f6zalt\u0131na al\u0131nd\u0131.<\/p>\n<p>\u015eah\u0131s, adli makamlara sevk edilmek \u00fczere g\u00f6zalt\u0131na al\u0131nm\u0131\u015ft\u0131r.<\/p>\n","protected":false},"excerpt":{"rendered":"<p>Edinilen bilgiye g\u00f6re, \u015eanl\u0131urfa \u0130l Jandarma Komutanl\u0131\u011f\u0131 ekipleri, \u201cNitelikli Su\u00e7lardan Aranan \u015eah\u0131slar\u0131n Yakalanmas\u0131na Y\u00f6nelik Yap\u0131lan&#8230;<\/p>\n","protected":false},"author":1,"featured_media":0,"comment_status":"closed","ping_status":"closed","sticky":false,"template":"","format":"standard","meta":{"footnotes":""},"categories":[1],"tags":[],"class_list":["post-4955","post","type-post","status-publish","format-standard","hentry","category-guncel-haberler"],"_links":{"self":[{"href":"https:\/\/manseturfa.com\/index.php?rest_route=\/wp\/v2\/posts\/4955","targetHints":{"allow":["GET"]}}],"collection":[{"href":"https:\/\/manseturfa.com\/index.php?rest_route=\/wp\/v2\/posts"}],"about":[{"href":"https:\/\/manseturfa.com\/index.php?rest_route=\/wp\/v2\/types\/post"}],"author":[{"embeddable":true,"href":"https:\/\/manseturfa.com\/index.php?rest_route=\/wp\/v2\/users\/1"}],"replies":[{"embeddable":true,"href":"https:\/\/manseturfa.com\/index.php?rest_route=%2Fwp%2Fv2%2Fcomments&post=4955"}],"version-history":[{"count":0,"href":"https:\/\/manseturfa.com\/index.php?rest_route=\/wp\/v2\/posts\/4955\/revisions"}],"wp:attachment":[{"href":"https:\/\/manseturfa.com\/index.php?rest_route=%2Fwp%2Fv2%2Fmedia&parent=4955"}],"wp:term":[{"taxonomy":"category","embeddable":true,"href":"https:\/\/manseturfa.com\/index.php?rest_route=%2Fwp%2Fv2%2Fcategories&post=4955"},{"taxonomy":"post_tag","embeddable":true,"href":"https:\/\/manseturfa.com\/index.php?rest_route=%2Fwp%2Fv2%2Ftags&post=4955"}],"curies":[{"name":"wp","href":"https:\/\/api.w.org\/{rel}","templated":true}]}}