{"id":4958,"date":"2026-04-30T13:16:05","date_gmt":"2026-04-30T13:16:05","guid":{"rendered":"https:\/\/manseturfa.com\/?p=4958"},"modified":"2026-04-30T13:16:05","modified_gmt":"2026-04-30T13:16:05","slug":"urfada-gocmen-kacakcilarina-darbe-cok-sayida-organizator-yakalandi","status":"publish","type":"post","link":"https:\/\/manseturfa.com\/?p=4958","title":{"rendered":"Urfa\u2019da g\u00f6\u00e7men ka\u00e7ak\u00e7\u0131lar\u0131na darbe! \u00c7ok say\u0131da organizat\u00f6r yakaland\u0131!"},"content":{"rendered":"<p>\u015eanl\u0131urfa\u2019da g\u00f6\u00e7men ka\u00e7ak\u00e7\u0131l\u0131\u011f\u0131na y\u00f6nelik y\u00fcr\u00fct\u00fclen \u00e7al\u0131\u015fmalar kapsam\u0131nda \u00f6nemli bir operasyon ger\u00e7ekle\u015ftirildi.<\/p>\n<p>\u015eanl\u0131urfa \u0130l Jandarma Komutanl\u0131\u011f\u0131 taraf\u0131ndan \u201cG\u00f6\u00e7men Ka\u00e7ak\u00e7\u0131l\u0131\u011f\u0131 ile M\u00fccadele\u201d \u00e7er\u00e7evesinde Nisan ay\u0131 boyunca s\u00fcrd\u00fcr\u00fclen faaliyetlerde, ka\u00e7ak\u00e7\u0131l\u0131k yapt\u0131\u011f\u0131 belirlenen \u015fah\u0131slara y\u00f6nelik operasyonlar d\u00fczenlendi.<\/p>\n<p>Jandarma ekiplerinin y\u00fcr\u00fctt\u00fc\u011f\u00fc \u00e7al\u0131\u015fmalar neticesinde, g\u00f6\u00e7men ka\u00e7ak\u00e7\u0131l\u0131\u011f\u0131 organizasyonunda yer ald\u0131\u011f\u0131 tespit edilen toplam 23 \u015f\u00fcpheli hakk\u0131nda adli i\u015flem ba\u015flat\u0131ld\u0131.<\/p>\n<p>\u015eanl\u0131urfa \u0130l Jandarma Komutanl\u0131\u011f\u0131,\u00a0\u201cG\u00f6\u00e7men Ka\u00e7ak\u00e7\u0131l\u0131\u011f\u0131 ile M\u00fccadele\u201d kapsam\u0131nda operasyonel faaliyetlerin\u00a0devam edece\u011fi bildirildi.<\/p>\n","protected":false},"excerpt":{"rendered":"<p>\u015eanl\u0131urfa\u2019da g\u00f6\u00e7men ka\u00e7ak\u00e7\u0131l\u0131\u011f\u0131na y\u00f6nelik y\u00fcr\u00fct\u00fclen \u00e7al\u0131\u015fmalar kapsam\u0131nda \u00f6nemli bir operasyon ger\u00e7ekle\u015ftirildi. \u015eanl\u0131urfa \u0130l Jandarma Komutanl\u0131\u011f\u0131&#8230;<\/p>\n","protected":false},"author":1,"featured_media":0,"comment_status":"closed","ping_status":"closed","sticky":false,"template":"","format":"standard","meta":{"footnotes":""},"categories":[1],"tags":[],"class_list":["post-4958","post","type-post","status-publish","format-standard","hentry","category-guncel-haberler"],"_links":{"self":[{"href":"https:\/\/manseturfa.com\/index.php?rest_route=\/wp\/v2\/posts\/4958","targetHints":{"allow":["GET"]}}],"collection":[{"href":"https:\/\/manseturfa.com\/index.php?rest_route=\/wp\/v2\/posts"}],"about":[{"href":"https:\/\/manseturfa.com\/index.php?rest_route=\/wp\/v2\/types\/post"}],"author":[{"embeddable":true,"href":"https:\/\/manseturfa.com\/index.php?rest_route=\/wp\/v2\/users\/1"}],"replies":[{"embeddable":true,"href":"https:\/\/manseturfa.com\/index.php?rest_route=%2Fwp%2Fv2%2Fcomments&post=4958"}],"version-history":[{"count":0,"href":"https:\/\/manseturfa.com\/index.php?rest_route=\/wp\/v2\/posts\/4958\/revisions"}],"wp:attachment":[{"href":"https:\/\/manseturfa.com\/index.php?rest_route=%2Fwp%2Fv2%2Fmedia&parent=4958"}],"wp:term":[{"taxonomy":"category","embeddable":true,"href":"https:\/\/manseturfa.com\/index.php?rest_route=%2Fwp%2Fv2%2Fcategories&post=4958"},{"taxonomy":"post_tag","embeddable":true,"href":"https:\/\/manseturfa.com\/index.php?rest_route=%2Fwp%2Fv2%2Ftags&post=4958"}],"curies":[{"name":"wp","href":"https:\/\/api.w.org\/{rel}","templated":true}]}}