{"id":4960,"date":"2026-04-30T13:31:31","date_gmt":"2026-04-30T13:31:31","guid":{"rendered":"https:\/\/manseturfa.com\/?p=4960"},"modified":"2026-04-30T13:31:31","modified_gmt":"2026-04-30T13:31:31","slug":"sanliurfa-otoshow-2026-kapilarini-acti","status":"publish","type":"post","link":"https:\/\/manseturfa.com\/?p=4960","title":{"rendered":"\u015eanl\u0131urfa Otoshow 2026 kap\u0131lar\u0131n\u0131 a\u00e7t\u0131!"},"content":{"rendered":"<p>G\u00fcneydo\u011fu Anadolu\u2019nun \u00f6nemli ticaret merkezlerinden \u015eanl\u0131urfa, b\u00fcy\u00fck bir organizasyona daha ev sahipli\u011fi yap\u0131yor. Otomotiv sekt\u00f6r\u00fcn\u00fcn merakla bekledi\u011fi \u015eanl\u0131urfa Otoshow 2026, bug\u00fcn d\u00fczenlenen t\u00f6renle ziyaret\u00e7ilerine kap\u0131lar\u0131n\u0131 a\u00e7t\u0131. \u015eanl\u0131urfa Fuar Merkezi\u2019nde ger\u00e7ekle\u015ftirilen a\u00e7\u0131l\u0131\u015f program\u0131na protokol \u00fcyeleri ve \u00e7ok say\u0131da vatanda\u015f kat\u0131ld\u0131.<\/p>\n<p><img loading=\"lazy\" decoding=\"async\" alt=\"\u015eanl\u0131urfa Otoshow 2026 kap\u0131lar\u0131n\u0131 a\u00e7t\u0131!\" class=\"mx-auto max-w-full h-auto shadow-sm\" height=\"675\" src=\"https:\/\/www.urfahaber.com\/images\/uploads\/2026\/04\/whatsapp-image-2026-04-30-at-30742-pm-1-69f359be560a1.jpeg\" width=\"1200\" \/><\/p>\n<h2><strong>YO\u011eUN KATILIMLA A\u00c7ILI\u015e GER\u00c7EKLE\u015eT\u0130<\/strong><\/h2>\n<p>Karak\u00f6pr\u00fc il\u00e7esinde d\u00fczenlenen fuar\u0131n a\u00e7\u0131l\u0131\u015f\u0131na Karak\u00f6pr\u00fc Kaymakam\u0131 Orhan Altun ve \u015eanl\u0131urfa B\u00fcy\u00fck\u015fehir Belediye Ba\u015fkanvekili Sait A\u011fan\u2019\u0131n yan\u0131 s\u0131ra \u00e7ok say\u0131da davetli kat\u0131l\u0131m sa\u011flad\u0131. A\u00e7\u0131l\u0131\u015f t\u00f6reni, ziyaret\u00e7ilerin yo\u011fun ilgisiyle dikkat \u00e7ekti.<\/p>\n<p><img loading=\"lazy\" decoding=\"async\" alt=\"\u015eanl\u0131urfa Otoshow 2026 kap\u0131lar\u0131n\u0131 a\u00e7t\u0131!\" class=\"mx-auto max-w-full h-auto shadow-sm\" height=\"900\" src=\"https:\/\/www.urfahaber.com\/images\/uploads\/2026\/04\/whatsapp-image-2026-04-30-at-42425-pm-69f359c921a99.jpeg\" width=\"1200\" \/><\/p>\n<h2><strong>EKONOM\u0130N\u0130N YEN\u0130 LOKOMOT\u0130F\u0130 OLACAK<\/strong><\/h2>\n<p>30 Nisan \u2013 3 May\u0131s tarihleri aras\u0131nda a\u00e7\u0131k kalacak olan fuar\u0131n, b\u00f6lgedeki otomotiv sat\u0131\u015f a\u011flar\u0131n\u0131 geni\u015fletmesi ve firmalara yeni m\u00fc\u015fteri kitleleri kazand\u0131rmas\u0131 bekleniyor. Binlerce ziyaret\u00e7iyi a\u011f\u0131rlamas\u0131 \u00f6ng\u00f6r\u00fclen organizasyonun, sadece otomotiv sekt\u00f6r\u00fcne de\u011fil; ayn\u0131 zamanda yerel ticaret, konaklama ve hizmet sekt\u00f6rlerine de \u00f6nemli katk\u0131lar sunaca\u011f\u0131 ifade ediliyor.<\/p>\n<p><img loading=\"lazy\" decoding=\"async\" alt=\"\u015eanl\u0131urfa Otoshow 2026 kap\u0131lar\u0131n\u0131 a\u00e7t\u0131!\" class=\"mx-auto max-w-full h-auto shadow-sm\" height=\"900\" src=\"https:\/\/www.urfahaber.com\/images\/uploads\/2026\/04\/whatsapp-image-2026-04-30-at-42456-pm-69f359d2a7aeb.jpeg\" width=\"1200\" \/><\/p>\n<h2><strong>T\u0130CARET VE TEKNOLOJ\u0130 AYNI \u00c7ATIDA BULU\u015eTU<\/strong><\/h2>\n<p>Trend Fuarc\u0131l\u0131k koordinasyonunda haz\u0131rlanan fuar, otomotiv d\u00fcnyas\u0131n\u0131n t\u00fcm payda\u015flar\u0131n\u0131 bir araya getiriyor. Yeni model ara\u00e7lar\u0131n yan\u0131 s\u0131ra motosikletler, otomotiv teknolojileri ve sekt\u00f6re y\u00f6n veren yenilikler de ziyaret\u00e7ilerin be\u011fenisine sunuluyor.<\/p>\n<p><img loading=\"lazy\" decoding=\"async\" alt=\"\u015eanl\u0131urfa Otoshow 2026 kap\u0131lar\u0131n\u0131 a\u00e7t\u0131!\" class=\"mx-auto max-w-full h-auto shadow-sm\" height=\"900\" src=\"https:\/\/www.urfahaber.com\/images\/uploads\/2026\/04\/whatsapp-image-2026-04-30-at-42624-pm-69f359de1dd40.jpeg\" width=\"1200\" \/><\/p>\n<p>Otomobil bayilerinden yan sanayi firmalar\u0131na, motor \u00fcreticilerinden aksesuar markalar\u0131na kadar geni\u015f bir kat\u0131l\u0131mc\u0131 kitlesine ev sahipli\u011fi yapan organizasyon, hem ticaret hem de teknoloji a\u00e7\u0131s\u0131ndan \u00f6nemli bir platform olma \u00f6zelli\u011fi ta\u015f\u0131yor.<\/p>\n<p><img loading=\"lazy\" decoding=\"async\" alt=\"\u015eanl\u0131urfa Otoshow 2026 kap\u0131lar\u0131n\u0131 a\u00e7t\u0131!\" class=\"mx-auto max-w-full h-auto shadow-sm\" height=\"900\" src=\"https:\/\/www.urfahaber.com\/images\/uploads\/2026\/04\/whatsapp-image-2026-04-30-at-42542-pm-69f359e7a56d9.jpeg\" width=\"1200\" \/><\/p>\n","protected":false},"excerpt":{"rendered":"<p>G\u00fcneydo\u011fu Anadolu\u2019nun \u00f6nemli ticaret merkezlerinden \u015eanl\u0131urfa, b\u00fcy\u00fck bir organizasyona daha ev sahipli\u011fi yap\u0131yor. Otomotiv sekt\u00f6r\u00fcn\u00fcn&#8230;<\/p>\n","protected":false},"author":1,"featured_media":0,"comment_status":"closed","ping_status":"closed","sticky":false,"template":"","format":"standard","meta":{"footnotes":""},"categories":[1],"tags":[],"class_list":["post-4960","post","type-post","status-publish","format-standard","hentry","category-guncel-haberler"],"_links":{"self":[{"href":"https:\/\/manseturfa.com\/index.php?rest_route=\/wp\/v2\/posts\/4960","targetHints":{"allow":["GET"]}}],"collection":[{"href":"https:\/\/manseturfa.com\/index.php?rest_route=\/wp\/v2\/posts"}],"about":[{"href":"https:\/\/manseturfa.com\/index.php?rest_route=\/wp\/v2\/types\/post"}],"author":[{"embeddable":true,"href":"https:\/\/manseturfa.com\/index.php?rest_route=\/wp\/v2\/users\/1"}],"replies":[{"embeddable":true,"href":"https:\/\/manseturfa.com\/index.php?rest_route=%2Fwp%2Fv2%2Fcomments&post=4960"}],"version-history":[{"count":0,"href":"https:\/\/manseturfa.com\/index.php?rest_route=\/wp\/v2\/posts\/4960\/revisions"}],"wp:attachment":[{"href":"https:\/\/manseturfa.com\/index.php?rest_route=%2Fwp%2Fv2%2Fmedia&parent=4960"}],"wp:term":[{"taxonomy":"category","embeddable":true,"href":"https:\/\/manseturfa.com\/index.php?rest_route=%2Fwp%2Fv2%2Fcategories&post=4960"},{"taxonomy":"post_tag","embeddable":true,"href":"https:\/\/manseturfa.com\/index.php?rest_route=%2Fwp%2Fv2%2Ftags&post=4960"}],"curies":[{"name":"wp","href":"https:\/\/api.w.org\/{rel}","templated":true}]}}