{"id":4968,"date":"2026-04-30T17:31:08","date_gmt":"2026-04-30T17:31:08","guid":{"rendered":"https:\/\/manseturfa.com\/?p=4968"},"modified":"2026-04-30T17:31:08","modified_gmt":"2026-04-30T17:31:08","slug":"suski-duyurdu-5-mahallede-sular-kesilecek","status":"publish","type":"post","link":"https:\/\/manseturfa.com\/?p=4968","title":{"rendered":"\u015eUSK\u0130 duyurdu: 5 Mahallede sular kesilecek!"},"content":{"rendered":"<p>\u015eanl\u0131urfa Su ve\u00a0Kanalizasyon \u0130daresi Genel M\u00fcd\u00fcrl\u00fc\u011f\u00fc (\u015eUSK\u0130), Eyy\u00fcbiye il\u00e7esinde meydana gelen ar\u0131zadan dolay\u0131 su kesintisi olaca\u011f\u0131n\u0131 duyrdu.\u00a0<\/p>\n<p><strong>EYY\u00dcB\u0130YE \u0130L\u00c7ES\u0130NDE SU KES\u0130NT\u0130S\u0130 YA\u015eAYACAK 5 MAHALLE<\/strong><\/p>\n<p>Eyy\u00fcbiye il\u00e7esine ba\u011fl\u0131 Yenice, Osmanl\u0131, Sel\u00e7uklu, \u015eahinler ve \u0130kizce mahallelerinde 01 May\u0131s 2026 Cuma g\u00fcn\u00fc saat 16.00, saatlerinde su kesintisi ya\u015fanacak.\u00a0<\/p>\n<p>\u015eanl\u0131urfa Su ve Kanalizasyon \u0130daresi Genel M\u00fcd\u00fcrl\u00fc\u011f\u00fc \u00a0a\u00e7\u0131klamas\u0131nda\u00a0(\u015eUSK\u0130) \u015fu ifadelere yer verildi;<\/p>\n<p>&#8220;Eyy\u00fcbiye Terfi Merkezi&#8217;nde meydana gelen ar\u0131za nedeniyle, Eyy\u00fcbiye \u0130l\u00e7esi Yenice, Osmanl\u0131, Sel\u00e7uklu, \u015eahinler ve \u0130kizce mahallelerinde 01.05.2026 Cuma g\u00fcn\u00fc saat 16.00&#8217;a\u00a0kadar su kesintisi ya\u015fanacakt\u0131r.&#8221;<\/p>\n<p>\u00a0<\/p>\n<p>\u00a0<\/p>\n<p>\u00a0<\/p>\n<p>\u00a0<\/p>\n<p>\u00a0<\/p>\n","protected":false},"excerpt":{"rendered":"<p>\u015eanl\u0131urfa Su ve\u00a0Kanalizasyon \u0130daresi Genel M\u00fcd\u00fcrl\u00fc\u011f\u00fc (\u015eUSK\u0130), Eyy\u00fcbiye il\u00e7esinde meydana gelen ar\u0131zadan dolay\u0131 su kesintisi&#8230;<\/p>\n","protected":false},"author":1,"featured_media":0,"comment_status":"closed","ping_status":"closed","sticky":false,"template":"","format":"standard","meta":{"footnotes":""},"categories":[1],"tags":[],"class_list":["post-4968","post","type-post","status-publish","format-standard","hentry","category-guncel-haberler"],"_links":{"self":[{"href":"https:\/\/manseturfa.com\/index.php?rest_route=\/wp\/v2\/posts\/4968","targetHints":{"allow":["GET"]}}],"collection":[{"href":"https:\/\/manseturfa.com\/index.php?rest_route=\/wp\/v2\/posts"}],"about":[{"href":"https:\/\/manseturfa.com\/index.php?rest_route=\/wp\/v2\/types\/post"}],"author":[{"embeddable":true,"href":"https:\/\/manseturfa.com\/index.php?rest_route=\/wp\/v2\/users\/1"}],"replies":[{"embeddable":true,"href":"https:\/\/manseturfa.com\/index.php?rest_route=%2Fwp%2Fv2%2Fcomments&post=4968"}],"version-history":[{"count":0,"href":"https:\/\/manseturfa.com\/index.php?rest_route=\/wp\/v2\/posts\/4968\/revisions"}],"wp:attachment":[{"href":"https:\/\/manseturfa.com\/index.php?rest_route=%2Fwp%2Fv2%2Fmedia&parent=4968"}],"wp:term":[{"taxonomy":"category","embeddable":true,"href":"https:\/\/manseturfa.com\/index.php?rest_route=%2Fwp%2Fv2%2Fcategories&post=4968"},{"taxonomy":"post_tag","embeddable":true,"href":"https:\/\/manseturfa.com\/index.php?rest_route=%2Fwp%2Fv2%2Ftags&post=4968"}],"curies":[{"name":"wp","href":"https:\/\/api.w.org\/{rel}","templated":true}]}}