{"id":4973,"date":"2026-04-30T20:45:44","date_gmt":"2026-04-30T20:45:44","guid":{"rendered":"https:\/\/manseturfa.com\/?p=4973"},"modified":"2026-04-30T20:45:44","modified_gmt":"2026-04-30T20:45:44","slug":"urfada-dolu-yagdi-tarim-alanlarina-zarara-neden-oldu","status":"publish","type":"post","link":"https:\/\/manseturfa.com\/?p=4973","title":{"rendered":"Urfa&#8217;da dolu ya\u011fd\u0131: Tar\u0131m alanlar\u0131na zarara neden oldu!"},"content":{"rendered":"<p>\u015eanl\u0131urfa\u2019n\u0131n Karak\u00f6pr\u00fc il\u00e7esine ba\u011fl\u0131 Esemkulu Mahallesi\u2019nde etkili olan sa\u011fanak ve dolu ya\u011f\u0131\u015f\u0131, ya\u015fam\u0131 olumsuz etkiledi. Ya\u011f\u0131\u015fla beraber civarda k\u0131sa s\u00fcrede su birikintileri ve dereler de ta\u015fk\u0131nl\u0131\u011fa neden oldu.\u00a0<\/p>\n<p><strong>DOLU YA\u011eI\u015eI TARIM ALANLARINI OLMSUZ ETK\u0130LED\u0130<\/strong><br \/> Dolu ya\u011f\u0131\u015f\u0131, tar\u0131m alanlar\u0131nda da zarara\u00a0neden oldu. Kentin \u00f6nemli ge\u00e7im kaynaklar\u0131ndan biri olan Urfa f\u0131st\u0131\u011f\u0131 \u00fcreticileri, dolu ya\u011f\u0131\u015f\u0131 nedeniyle ciddi hasar meydana geldi\u011fini ifade etti.\u00a0<\/p>\n<p><strong>\u00c7EVRE SAK\u0130NLER\u0130 ZOR DURUMDA KALDI<\/strong><br \/> Etkili ya\u011f\u0131\u015f\u0131n dereleri ta\u015f\u0131rmas\u0131yla, civardaki tarlalara zarara neden olurken, \u00e7evre sakinleri su bask\u0131nlar\u0131na kar\u015f\u0131 zor durumda kald\u0131.<\/p>\n","protected":false},"excerpt":{"rendered":"<p>\u015eanl\u0131urfa\u2019n\u0131n Karak\u00f6pr\u00fc il\u00e7esine ba\u011fl\u0131 Esemkulu Mahallesi\u2019nde etkili olan sa\u011fanak ve dolu ya\u011f\u0131\u015f\u0131, ya\u015fam\u0131 olumsuz etkiledi&#8230;.<\/p>\n","protected":false},"author":1,"featured_media":0,"comment_status":"closed","ping_status":"closed","sticky":false,"template":"","format":"standard","meta":{"footnotes":""},"categories":[1],"tags":[],"class_list":["post-4973","post","type-post","status-publish","format-standard","hentry","category-guncel-haberler"],"_links":{"self":[{"href":"https:\/\/manseturfa.com\/index.php?rest_route=\/wp\/v2\/posts\/4973","targetHints":{"allow":["GET"]}}],"collection":[{"href":"https:\/\/manseturfa.com\/index.php?rest_route=\/wp\/v2\/posts"}],"about":[{"href":"https:\/\/manseturfa.com\/index.php?rest_route=\/wp\/v2\/types\/post"}],"author":[{"embeddable":true,"href":"https:\/\/manseturfa.com\/index.php?rest_route=\/wp\/v2\/users\/1"}],"replies":[{"embeddable":true,"href":"https:\/\/manseturfa.com\/index.php?rest_route=%2Fwp%2Fv2%2Fcomments&post=4973"}],"version-history":[{"count":0,"href":"https:\/\/manseturfa.com\/index.php?rest_route=\/wp\/v2\/posts\/4973\/revisions"}],"wp:attachment":[{"href":"https:\/\/manseturfa.com\/index.php?rest_route=%2Fwp%2Fv2%2Fmedia&parent=4973"}],"wp:term":[{"taxonomy":"category","embeddable":true,"href":"https:\/\/manseturfa.com\/index.php?rest_route=%2Fwp%2Fv2%2Fcategories&post=4973"},{"taxonomy":"post_tag","embeddable":true,"href":"https:\/\/manseturfa.com\/index.php?rest_route=%2Fwp%2Fv2%2Ftags&post=4973"}],"curies":[{"name":"wp","href":"https:\/\/api.w.org\/{rel}","templated":true}]}}