{"id":4974,"date":"2026-05-01T04:42:55","date_gmt":"2026-05-01T04:42:55","guid":{"rendered":"https:\/\/manseturfa.com\/?p=4974"},"modified":"2026-05-01T04:42:55","modified_gmt":"2026-05-01T04:42:55","slug":"bozova-myoda-karbon-yonetimi-teknikerligi-programi-aciliyor","status":"publish","type":"post","link":"https:\/\/manseturfa.com\/?p=4974","title":{"rendered":"Bozova MYO\u2019da Karbon Y\u00f6netimi Teknikerli\u011fi Program\u0131 a\u00e7\u0131l\u0131yor!"},"content":{"rendered":"<p>Harran \u00dcniversitesi Bozova Meslek Y\u00fcksekokulu b\u00fcnyesinde a\u00e7\u0131lmas\u0131 planlanan \u201cKarbon Y\u00f6netimi Teknikerli\u011fi Program\u0131\u201d, Y\u00fcksek\u00f6\u011fretim Kurulu taraf\u0131ndan onayland\u0131. S\u00f6z konusu program\u0131n hayata ge\u00e7irilmesiyle birlikte \u00fcniversitenin ye\u015fil d\u00f6n\u00fc\u015f\u00fcm, s\u00fcrd\u00fcr\u00fclebilirlik ve \u00e7evre odakl\u0131 e\u011fitim vizyonuna \u00f6nemli katk\u0131lar sunmas\u0131 hedefleniyor.<\/p>\n<p>Konuya ili\u015fkin de\u011ferlendirmelerde bulunan Bozova Meslek Y\u00fcksekokulu M\u00fcd\u00fcr\u00fc Do\u00e7. Dr. Erdal Alanc\u0131o\u011flu, g\u00fcn\u00fcm\u00fczde artan \u00e7evresel sorunlar ve iklim de\u011fi\u015fikli\u011fiyle m\u00fccadele kapsam\u0131nda karbon y\u00f6netimi alan\u0131nda nitelikli insan kayna\u011f\u0131na duyulan ihtiyac\u0131n giderek artt\u0131\u011f\u0131n\u0131 vurgulad\u0131. Alanc\u0131o\u011flu, a\u00e7\u0131lan program\u0131n hem b\u00f6lgesel hem de ulusal \u00f6l\u00e7ekte \u00f6nemli bir bo\u015flu\u011fu dolduraca\u011f\u0131n\u0131 ifade etti.<\/p>\n<h2><strong>&#8220;\u00d6NEML\u0130 B\u0130R BO\u015eLU\u011eU DOLDURACAK&#8221;<\/strong><\/h2>\n<p>Alanc\u0131o\u011flu a\u00e7\u0131klamas\u0131nda \u015fu ifadelere yer verdi:<\/p>\n<p>\u201cYeni a\u00e7\u0131lacak b\u00f6l\u00fcm\u00fcm\u00fczle ye\u015fil d\u00f6n\u00fc\u015f\u00fcm ve \u00e7evresel s\u00fcrd\u00fcr\u00fclebilirlik gibi kritik alanlarda da \u00f6nemli kazan\u0131mlar elde edece\u011fiz. Y\u00d6K\u2019\u00fcn ve Rekt\u00f6r\u00fcm\u00fcz Prof. Dr. Mehmet Tahir G\u00fcll\u00fco\u011flu\u2019nun tematik MYO kapsam\u0131nda program\u0131n a\u00e7\u0131lmas\u0131na y\u00f6nelik sa\u011flad\u0131klar\u0131 destek ve motivasyon i\u00e7in te\u015fekk\u00fcr ediyorum. Bu de\u011ferli program\u0131n \u00fcniversitemize, b\u00f6lgemize ve \u00fclkemize hay\u0131rl\u0131 olmas\u0131n\u0131 diliyorum\u201d dedi.<\/p>\n<p>Yeni program\u0131n; \u00f6\u011frencilere \u00e7evre y\u00f6netimi, karbon ayak izi hesaplama, s\u00fcrd\u00fcr\u00fclebilir \u00fcretim s\u00fcre\u00e7leri ve iklim politikalar\u0131 gibi alanlarda yetkinlik kazand\u0131rarak mezunlar\u0131n istihdam olanaklar\u0131n\u0131 art\u0131rmas\u0131 hedefleniyor. Program\u0131n \u00f6zellikle sanayi ve kamu sekt\u00f6r\u00fcnde \u00e7evre odakl\u0131 d\u00f6n\u00fc\u015f\u00fcm s\u00fcre\u00e7lerine katk\u0131 sa\u011flayacak ara eleman ihtiyac\u0131n\u0131 kar\u015f\u0131lamada \u00f6nemli rol \u00fcstlenmesi \u00f6ng\u00f6r\u00fcl\u00fcyor.<\/p>\n","protected":false},"excerpt":{"rendered":"<p>Harran \u00dcniversitesi Bozova Meslek Y\u00fcksekokulu b\u00fcnyesinde a\u00e7\u0131lmas\u0131 planlanan \u201cKarbon Y\u00f6netimi Teknikerli\u011fi Program\u0131\u201d, Y\u00fcksek\u00f6\u011fretim Kurulu taraf\u0131ndan&#8230;<\/p>\n","protected":false},"author":1,"featured_media":0,"comment_status":"closed","ping_status":"closed","sticky":false,"template":"","format":"standard","meta":{"footnotes":""},"categories":[1],"tags":[],"class_list":["post-4974","post","type-post","status-publish","format-standard","hentry","category-guncel-haberler"],"_links":{"self":[{"href":"https:\/\/manseturfa.com\/index.php?rest_route=\/wp\/v2\/posts\/4974","targetHints":{"allow":["GET"]}}],"collection":[{"href":"https:\/\/manseturfa.com\/index.php?rest_route=\/wp\/v2\/posts"}],"about":[{"href":"https:\/\/manseturfa.com\/index.php?rest_route=\/wp\/v2\/types\/post"}],"author":[{"embeddable":true,"href":"https:\/\/manseturfa.com\/index.php?rest_route=\/wp\/v2\/users\/1"}],"replies":[{"embeddable":true,"href":"https:\/\/manseturfa.com\/index.php?rest_route=%2Fwp%2Fv2%2Fcomments&post=4974"}],"version-history":[{"count":0,"href":"https:\/\/manseturfa.com\/index.php?rest_route=\/wp\/v2\/posts\/4974\/revisions"}],"wp:attachment":[{"href":"https:\/\/manseturfa.com\/index.php?rest_route=%2Fwp%2Fv2%2Fmedia&parent=4974"}],"wp:term":[{"taxonomy":"category","embeddable":true,"href":"https:\/\/manseturfa.com\/index.php?rest_route=%2Fwp%2Fv2%2Fcategories&post=4974"},{"taxonomy":"post_tag","embeddable":true,"href":"https:\/\/manseturfa.com\/index.php?rest_route=%2Fwp%2Fv2%2Ftags&post=4974"}],"curies":[{"name":"wp","href":"https:\/\/api.w.org\/{rel}","templated":true}]}}