{"id":4977,"date":"2026-05-01T05:45:04","date_gmt":"2026-05-01T05:45:04","guid":{"rendered":"https:\/\/manseturfa.com\/?p=4977"},"modified":"2026-05-01T05:45:04","modified_gmt":"2026-05-01T05:45:04","slug":"celik-kasalari-patlattilar-maskeli-beslerin-soygun-ani-kamerada","status":"publish","type":"post","link":"https:\/\/manseturfa.com\/?p=4977","title":{"rendered":"\u00c7elik kasalar\u0131 patlatt\u0131lar: Maskeli be\u015fler&#8217;in soygun an\u0131 kamerada!"},"content":{"rendered":"<p>Bursa&#8217;n\u0131n Kestel il\u00e7esinde iki ayr\u0131 i\u015fletmede \u00e7elik kasalar\u0131n \u00e7al\u0131nd\u0131\u011f\u0131 h\u0131rs\u0131zl\u0131k olaylar\u0131, Jandarma dedektiflerinin 2 ay s\u00fcren titiz \u00e7al\u0131\u015fmas\u0131yla ayd\u0131nlat\u0131ld\u0131. 126 saatlik kamera kayd\u0131 ve 16 bin plaka \u00fczerinde yap\u0131lan incelemeler sonucu olay\u0131 ger\u00e7ekle\u015ftiren maskeli 5 \u015f\u00fcpheli yakaland\u0131. H\u0131rs\u0131zl\u0131k anlar\u0131 g\u00fcvenlik kameralar\u0131na saniye saniye yans\u0131d\u0131.<\/p>\n<p><img loading=\"lazy\" decoding=\"async\" alt=\"G\u00f6rsel\" class=\"mx-auto max-w-full h-auto shadow-sm\" height=\"543\" src=\"https:\/\/www.urfahaber.com\/images\/uploads\/2026\/05\/maske-ara1-69f43cea76b2b.jpg\" width=\"853\" \/><\/p>\n<p>Bursa \u0130l Jandarma Komutanl\u0131\u011f\u0131na ba\u011fl\u0131 ekipler, \u015eubat 2026&#8217;da meydana gelen ve maddi de\u011feri 2 milyon lira olan olaylar\u0131n ard\u0131ndan harekete ge\u00e7ti. Kestel b\u00f6lgesinde geni\u015f \u00e7apl\u0131 saha ara\u015ft\u0131rmas\u0131 ba\u015flatt\u0131. \u0130l\u00e7e genelindeki g\u00fcvenlik kameralar\u0131 tek tek incelenirken, \u015f\u00fcphelilerin olay sonras\u0131 ka\u00e7\u0131\u015f g\u00fczergahlar\u0131 ad\u0131m ad\u0131m takip edildi. G\u00f6r\u00fcnt\u00fclerden elde edilen ipu\u00e7lar\u0131yla yakla\u015f\u0131k 16 bin ara\u00e7 plakas\u0131 sorguland\u0131. Yap\u0131lan analizler sonucunda olaylarda 2 farkl\u0131 arac\u0131n kullan\u0131ld\u0131\u011f\u0131 kesinle\u015fti.<\/p>\n<p><img loading=\"lazy\" decoding=\"async\" alt=\"G\u00f6rsel\" class=\"mx-auto max-w-full h-auto shadow-sm\" height=\"458\" src=\"https:\/\/www.urfahaber.com\/images\/uploads\/2026\/05\/maske-ara2-69f43cf68e506.jpg\" width=\"857\" \/><\/p>\n<p>Ara\u00e7lar\u0131n hareketleri g\u00fcn g\u00fcn izlenerek teknik ve fiziki takip derinle\u015ftirildi. \u015e\u00fcphelilerin olay \u00f6ncesi ke\u015fif yapt\u0131\u011f\u0131, gece saatlerinde i\u015fletmelere girerek \u00e7elik kasalar\u0131 hedef ald\u0131\u011f\u0131 ve k\u0131sa s\u00fcrede olay yerinden uzakla\u015ft\u0131\u011f\u0131 tespit edildi. T\u00fcm verilerin birle\u015ftirilmesiyle kimlikleri belirlenen 5 \u015f\u00fcpheliye y\u00f6nelik e\u015f zamanl\u0131 operasyon d\u00fczenlendi.<\/p>\n<p><img loading=\"lazy\" decoding=\"async\" alt=\"G\u00f6rsel\" class=\"mx-auto max-w-full h-auto shadow-sm\" height=\"462\" src=\"https:\/\/www.urfahaber.com\/images\/uploads\/2026\/05\/maske-ara3-69f43d041eafd.jpg\" width=\"856\" \/><\/p>\n<p>Operasyonda yakalanan \u015f\u00fcphelilerden 4&#8217;\u00fc \u00e7\u0131kar\u0131ld\u0131klar\u0131 mahkemece tutuklan\u0131rken, 1 \u015f\u00fcpheli adli kontrol \u015fart\u0131yla serbest b\u0131rak\u0131ld\u0131. \u00d6te yandan, h\u0131rs\u0131zl\u0131k anlar\u0131 g\u00fcvenlik kameras\u0131na yans\u0131d\u0131.<\/p>\n<p>Kaynak: \u0130HA<\/p>\n","protected":false},"excerpt":{"rendered":"<p>Bursa&#8217;n\u0131n Kestel il\u00e7esinde iki ayr\u0131 i\u015fletmede \u00e7elik kasalar\u0131n \u00e7al\u0131nd\u0131\u011f\u0131 h\u0131rs\u0131zl\u0131k olaylar\u0131, Jandarma dedektiflerinin 2 ay&#8230;<\/p>\n","protected":false},"author":1,"featured_media":0,"comment_status":"closed","ping_status":"closed","sticky":false,"template":"","format":"standard","meta":{"footnotes":""},"categories":[1],"tags":[],"class_list":["post-4977","post","type-post","status-publish","format-standard","hentry","category-guncel-haberler"],"_links":{"self":[{"href":"https:\/\/manseturfa.com\/index.php?rest_route=\/wp\/v2\/posts\/4977","targetHints":{"allow":["GET"]}}],"collection":[{"href":"https:\/\/manseturfa.com\/index.php?rest_route=\/wp\/v2\/posts"}],"about":[{"href":"https:\/\/manseturfa.com\/index.php?rest_route=\/wp\/v2\/types\/post"}],"author":[{"embeddable":true,"href":"https:\/\/manseturfa.com\/index.php?rest_route=\/wp\/v2\/users\/1"}],"replies":[{"embeddable":true,"href":"https:\/\/manseturfa.com\/index.php?rest_route=%2Fwp%2Fv2%2Fcomments&post=4977"}],"version-history":[{"count":0,"href":"https:\/\/manseturfa.com\/index.php?rest_route=\/wp\/v2\/posts\/4977\/revisions"}],"wp:attachment":[{"href":"https:\/\/manseturfa.com\/index.php?rest_route=%2Fwp%2Fv2%2Fmedia&parent=4977"}],"wp:term":[{"taxonomy":"category","embeddable":true,"href":"https:\/\/manseturfa.com\/index.php?rest_route=%2Fwp%2Fv2%2Fcategories&post=4977"},{"taxonomy":"post_tag","embeddable":true,"href":"https:\/\/manseturfa.com\/index.php?rest_route=%2Fwp%2Fv2%2Ftags&post=4977"}],"curies":[{"name":"wp","href":"https:\/\/api.w.org\/{rel}","templated":true}]}}