{"id":4979,"date":"2026-05-01T06:18:07","date_gmt":"2026-05-01T06:18:07","guid":{"rendered":"https:\/\/manseturfa.com\/?p=4979"},"modified":"2026-05-01T06:18:07","modified_gmt":"2026-05-01T06:18:07","slug":"5-yillik-kin-cinayetle-bitti","status":"publish","type":"post","link":"https:\/\/manseturfa.com\/?p=4979","title":{"rendered":"5 y\u0131ll\u0131k kin cinayetle bitti!"},"content":{"rendered":"<p>Bursa&#8217;n\u0131n \u0130neg\u00f6l il\u00e7esinde 5 y\u0131l \u00f6nce babas\u0131n\u0131 darp etti\u011fi i\u00e7in kin g\u00fcden 17 ya\u015f\u0131ndaki gencin t\u00fcfekle ate\u015f ederek a\u011f\u0131r yaralad\u0131\u011f\u0131 Ahmet Demir hayat\u0131n\u0131 kaybetti.<\/p>\n<p>Olay, d\u00fcn saat 13.30 s\u0131ralar\u0131nda Sinanbey Mahallesi 22. Metal Sokak&#8217;ta faaliyet g\u00f6steren bir i\u015f yerinde meydana geldi. 5 y\u0131l \u00f6nce Ahmet Demir (51) ile Erg\u00fcn \u015e. (50) aras\u0131nda bilinmeyen bir nedenle kavga \u00e7\u0131km\u0131\u015f, kavgada Ahmet Demir, Erg\u00fcn \u015e.&#8217;yi darp etmi\u015fti. Bu olaydan sonra kinlenen \u00d6mer \u0130sa \u015e.(17)&#8217;yi babas\u0131n\u0131 darp eden \u015f\u00fcpheliyi oto tamircisinde g\u00f6rd\u00fc. Geri d\u00f6nen \u00d6mer \u0130sa \u015e., t\u00fcfek al\u0131p arkada\u015f\u0131 Alparslan C.(18)&#8217;nin kulland\u0131\u011f\u0131 ara\u00e7la oto tamircisi \u00f6n\u00fcne geldi. \u00d6mer \u015e. elindeki t\u00fcfekle Ahmet Demir(51)&#8217;e t\u00fcfekle defalarca ate\u015f etti.<\/p>\n<p><img loading=\"lazy\" decoding=\"async\" alt=\"G\u00f6rsel\" class=\"mx-auto max-w-full h-auto shadow-sm\" height=\"488\" src=\"https:\/\/www.urfahaber.com\/images\/uploads\/2026\/05\/5-yillik-ara1-69f4450b219bc.jpg\" width=\"867\" \/><\/p>\n<p>Sald\u0131r\u0131 s\u0131ras\u0131nda ara\u00e7 sahibi Ahmet Demir (51) bacaklar\u0131na isabet eden sa\u00e7malar nedeniyle kanlar i\u00e7inde kalarak yere y\u0131\u011f\u0131l\u0131rken \u015f\u00fcpheliler geldikleri ara\u00e7 ile ka\u00e7t\u0131. Yaral\u0131 olay yerine sevk edilen Ambulansla \u0130neg\u00f6l Devlet Hastanesine kald\u0131r\u0131ld\u0131. \u0130lk tedavinin ard\u0131ndan ambulansla Bursa Y\u00fcksek \u0130htisas E\u011fitim ve ara\u015ft\u0131rma hastanesine sevk edildi.<\/p>\n<p>Olay\u0131n ard\u0131ndan harekete ge\u00e7en Emniyet M\u00fcd\u00fcrl\u00fc\u011f\u00fc Asayi\u015f B\u00fcro Amirli\u011fi ekipleri \u015f\u00fcpheliler \u00d6mer \u0130sa \u015e.(17) ile Alparslan C.&#8217;yi yakalayarak g\u00f6zalt\u0131na ald\u0131.<\/p>\n<p><img loading=\"lazy\" decoding=\"async\" alt=\"G\u00f6rsel\" class=\"mx-auto max-w-full h-auto shadow-sm\" height=\"629\" src=\"https:\/\/www.urfahaber.com\/images\/uploads\/2026\/05\/5-yillik-ara2-69f4451aadb5e.jpg\" width=\"837\" \/><\/p>\n<p>\u00d6mer \u0130sa \u015e.&#8217;nin \u0130fadesinde, &#8220;Benim babam\u0131 5 y\u0131l \u00f6nce darp edip uzun s\u00fcre y\u00fcr\u00fcmesini engellemi\u015fti. Bende o \u015fahs\u0131 yaralamay\u0131 kafama koydum. Olay g\u00fcn\u00fc onu g\u00f6r\u00fcnce t\u00fcfekle ate\u015f ettim&#8221; dedi.<\/p>\n<p>2 \u015f\u00fcpheli de sorgulamalar\u0131n ard\u0131ndan adliyeye sevk edildiler. \u015e\u00fcphelilerden \u00d6mer \u0130sa \u015e. (17) \u00e7\u0131kar\u0131ld\u0131\u011f\u0131 mahkemece tutuklan\u0131rken, Alparslan C.(18) ise adli kontrol \u015fart\u0131yla serbest b\u0131rak\u0131ld\u0131.<\/p>\n<p>Yo\u011fun bak\u0131mda tedavisi s\u00fcren Ahmet Demir (51), yap\u0131lan t\u00fcm m\u00fcdahalelere ra\u011fmen kurtar\u0131lamad\u0131.<\/p>\n<p>Kaynak: \u0130HA<\/p>\n","protected":false},"excerpt":{"rendered":"<p>Bursa&#8217;n\u0131n \u0130neg\u00f6l il\u00e7esinde 5 y\u0131l \u00f6nce babas\u0131n\u0131 darp etti\u011fi i\u00e7in kin g\u00fcden 17 ya\u015f\u0131ndaki gencin&#8230;<\/p>\n","protected":false},"author":1,"featured_media":0,"comment_status":"closed","ping_status":"closed","sticky":false,"template":"","format":"standard","meta":{"footnotes":""},"categories":[1],"tags":[],"class_list":["post-4979","post","type-post","status-publish","format-standard","hentry","category-guncel-haberler"],"_links":{"self":[{"href":"https:\/\/manseturfa.com\/index.php?rest_route=\/wp\/v2\/posts\/4979","targetHints":{"allow":["GET"]}}],"collection":[{"href":"https:\/\/manseturfa.com\/index.php?rest_route=\/wp\/v2\/posts"}],"about":[{"href":"https:\/\/manseturfa.com\/index.php?rest_route=\/wp\/v2\/types\/post"}],"author":[{"embeddable":true,"href":"https:\/\/manseturfa.com\/index.php?rest_route=\/wp\/v2\/users\/1"}],"replies":[{"embeddable":true,"href":"https:\/\/manseturfa.com\/index.php?rest_route=%2Fwp%2Fv2%2Fcomments&post=4979"}],"version-history":[{"count":0,"href":"https:\/\/manseturfa.com\/index.php?rest_route=\/wp\/v2\/posts\/4979\/revisions"}],"wp:attachment":[{"href":"https:\/\/manseturfa.com\/index.php?rest_route=%2Fwp%2Fv2%2Fmedia&parent=4979"}],"wp:term":[{"taxonomy":"category","embeddable":true,"href":"https:\/\/manseturfa.com\/index.php?rest_route=%2Fwp%2Fv2%2Fcategories&post=4979"},{"taxonomy":"post_tag","embeddable":true,"href":"https:\/\/manseturfa.com\/index.php?rest_route=%2Fwp%2Fv2%2Ftags&post=4979"}],"curies":[{"name":"wp","href":"https:\/\/api.w.org\/{rel}","templated":true}]}}