{"id":4985,"date":"2026-05-01T08:01:51","date_gmt":"2026-05-01T08:01:51","guid":{"rendered":"https:\/\/manseturfa.com\/?p=4985"},"modified":"2026-05-01T08:01:51","modified_gmt":"2026-05-01T08:01:51","slug":"ahin-gunesten-anlamli-1-mayis-mesaji","status":"publish","type":"post","link":"https:\/\/manseturfa.com\/?p=4985","title":{"rendered":"Ahin G\u00fcne\u015f\u2019ten anlaml\u0131 1 May\u0131s mesaj\u0131!"},"content":{"rendered":"<p>Ahin G\u00fcne\u015f Medya (AGM) Y\u00f6netim Kurulu Ba\u015fkan\u0131 Ahin G\u00fcne\u015f, 1 May\u0131s Emek ve Dayan\u0131\u015fma G\u00fcn\u00fc dolay\u0131s\u0131yla anlaml\u0131 bir mesaj yay\u0131mlad\u0131.<\/p>\n<p>G\u00fcne\u015f mesaj\u0131nda \u015fu ifadelere yer verdi:<\/p>\n<p>\u201cPeygamberler \u015fehri \u015eanl\u0131urfa\u2019n\u0131n bereketli topraklar\u0131nda tarlada, at\u00f6lyede, in\u015faatta, \u00e7ar\u015f\u0131da ve ekran arkas\u0131nda al\u0131n teriyle \u00fcreten t\u00fcm hem\u015fehrilerimizin ve \u00fclkemizin d\u00f6rt bir yan\u0131ndaki i\u015f\u00e7i ve emek\u00e7i karde\u015flerimizin 1 May\u0131s Emek ve Dayan\u0131\u015fma G\u00fcn\u00fc\u2019n\u00fc g\u00f6n\u00fclden kutluyorum.<\/p>\n<p>Ruha TV ve Urfa Haber ailesi olarak biliyoruz ki bu kadim \u015fehrin her ta\u015f\u0131, her lokmas\u0131 ve her haberi eme\u011fin izini ta\u015f\u0131r. Al\u0131n teriyle yo\u011frulan her de\u011fer, hayat\u0131m\u0131za anlam katar. Bu nedenle eme\u011fin kutsall\u0131\u011f\u0131na, dayan\u0131\u015fman\u0131n birle\u015ftirici g\u00fcc\u00fcne ve adaletin vazge\u00e7ilmezli\u011fine inan\u0131yoruz.<\/p>\n<p>Daha adil, daha e\u015fit ve eme\u011fin kar\u015f\u0131l\u0131\u011f\u0131n\u0131 buldu\u011fu bir gelecek i\u00e7in y\u0131lmadan \u00e7al\u0131\u015fan t\u00fcm emek\u00e7ilerin 1 May\u0131s Emek ve Dayan\u0131\u015fma G\u00fcn\u00fc kutlu olsun.\u201d<\/p>\n","protected":false},"excerpt":{"rendered":"<p>Ahin G\u00fcne\u015f Medya (AGM) Y\u00f6netim Kurulu Ba\u015fkan\u0131 Ahin G\u00fcne\u015f, 1 May\u0131s Emek ve Dayan\u0131\u015fma G\u00fcn\u00fc&#8230;<\/p>\n","protected":false},"author":1,"featured_media":0,"comment_status":"closed","ping_status":"closed","sticky":false,"template":"","format":"standard","meta":{"footnotes":""},"categories":[1],"tags":[],"class_list":["post-4985","post","type-post","status-publish","format-standard","hentry","category-guncel-haberler"],"_links":{"self":[{"href":"https:\/\/manseturfa.com\/index.php?rest_route=\/wp\/v2\/posts\/4985","targetHints":{"allow":["GET"]}}],"collection":[{"href":"https:\/\/manseturfa.com\/index.php?rest_route=\/wp\/v2\/posts"}],"about":[{"href":"https:\/\/manseturfa.com\/index.php?rest_route=\/wp\/v2\/types\/post"}],"author":[{"embeddable":true,"href":"https:\/\/manseturfa.com\/index.php?rest_route=\/wp\/v2\/users\/1"}],"replies":[{"embeddable":true,"href":"https:\/\/manseturfa.com\/index.php?rest_route=%2Fwp%2Fv2%2Fcomments&post=4985"}],"version-history":[{"count":0,"href":"https:\/\/manseturfa.com\/index.php?rest_route=\/wp\/v2\/posts\/4985\/revisions"}],"wp:attachment":[{"href":"https:\/\/manseturfa.com\/index.php?rest_route=%2Fwp%2Fv2%2Fmedia&parent=4985"}],"wp:term":[{"taxonomy":"category","embeddable":true,"href":"https:\/\/manseturfa.com\/index.php?rest_route=%2Fwp%2Fv2%2Fcategories&post=4985"},{"taxonomy":"post_tag","embeddable":true,"href":"https:\/\/manseturfa.com\/index.php?rest_route=%2Fwp%2Fv2%2Ftags&post=4985"}],"curies":[{"name":"wp","href":"https:\/\/api.w.org\/{rel}","templated":true}]}}