{"id":5009,"date":"2026-05-02T06:28:05","date_gmt":"2026-05-02T06:28:05","guid":{"rendered":"https:\/\/manseturfa.com\/?p=5009"},"modified":"2026-05-02T06:28:05","modified_gmt":"2026-05-02T06:28:05","slug":"baraj-debisi-yukseldi-koyler-sular-altinda-kaldi","status":"publish","type":"post","link":"https:\/\/manseturfa.com\/?p=5009","title":{"rendered":"Baraj debisi y\u00fckseldi: K\u00f6yler sular alt\u0131nda kald\u0131!"},"content":{"rendered":"<p>Hatay&#8217;\u0131n Reyhanl\u0131 ve Kumlu il\u00e7elerinde yer alan Reyhanl\u0131 Baraj\u0131&#8217;n\u0131n temeli 2010 y\u0131l\u0131nda at\u0131lm\u0131\u015ft\u0131 ve \u00e7al\u0131\u015fmalar 2019 y\u0131l\u0131nda tamamlanm\u0131\u015ft\u0131. Amik Ovas\u0131&#8217;nda yer alan bereketli arazilerin sulanmas\u0131 ve ta\u015fk\u0131nlar\u0131n \u00f6nlenmesi ama\u00e7lanarak in\u015fa edilen Reyhanl\u0131 Baraj\u0131,3 Ekim 2020 y\u0131l\u0131nda a\u00e7\u0131ld\u0131. Reyhanl\u0131 Baraj\u0131n\u0131n s\u0131n\u0131rlar\u0131 i\u00e7erisinde kalan Karakaya ve Acer K\u00f6y\u00fc sakinleri de y\u0131llarca ya\u015fam s\u00fcrd\u00fckleri, yuvalar\u0131ndan ayr\u0131lmak zorunda kalm\u0131\u015flard\u0131. Tahliye edilen evlerin maddi kar\u015f\u0131l\u0131\u011f\u0131n\u0131 alan vatanda\u015flar, baraj s\u0131n\u0131rlar\u0131na yak\u0131n bir noktada yer alan Mehmetbeyli Mahallesi&#8217;ne yerle\u015ftiler.<\/p>\n<p><img loading=\"lazy\" decoding=\"async\" alt=\"Baraj debisi y\u00fckseldi: K\u00f6yler sular alt\u0131nda kald\u0131!\" class=\"mx-auto max-w-full h-auto shadow-sm\" height=\"675\" src=\"https:\/\/www.urfahaber.com\/images\/uploads\/2026\/05\/aw695766-05-1-69f5989d07e9d.jpg\" width=\"1200\" \/><\/p>\n<p><strong>YILLAR SONRA \u0130LK KEZ TAM KAPAS\u0130TEYE ULA\u015eTI<\/strong><\/p>\n<p>Uzun y\u0131llard\u0131r dolmayan Reyhanl\u0131 Baraj\u0131, bu y\u0131l etkili olan a\u015f\u0131r\u0131 ya\u011f\u0131\u015flarla birlikte Tahtak\u00f6pr\u00fc Baraj\u0131 ile Afrin \u00c7ay\u0131ndan gelen sularla doldu. Ya\u011f\u0131\u015flar\u0131n etkisiyle debisi artan Reyhanl\u0131 Baraj\u0131ndaki sular, baraj s\u0131n\u0131rlar\u0131 i\u00e7erisinde yer alan 2 k\u00f6y\u00fc i\u00e7ine alarak Mehmetbeyli Mahallesi&#8217;ne kadar dayanm\u0131\u015f durumda. Ge\u00e7en y\u0131l kurakl\u0131\u011f\u0131n etkisiyle g\u00f6r\u00fcn\u00fcr olan olan evler ve tar\u0131m arazileri, bu y\u0131lki ya\u011f\u0131\u015flarla birlikte sular alt\u0131nda kald\u0131.<\/p>\n<p><img loading=\"lazy\" decoding=\"async\" alt=\"Baraj debisi y\u00fckseldi: K\u00f6yler sular alt\u0131nda kald\u0131!\" class=\"mx-auto max-w-full h-auto shadow-sm\" height=\"675\" src=\"https:\/\/www.urfahaber.com\/images\/uploads\/2026\/05\/aw695766-01-69f598aa082fa.jpg\" width=\"1200\" \/><\/p>\n<p><strong>&#8220;\u0130LK KEZ B\u00d6YLE B\u0130R MANZARAYLA KAR\u015eILA\u015eTIM&#8221;<\/strong><\/p>\n<p>Y\u0131llarca ya\u015fad\u0131\u011f\u0131 k\u00f6y\u00fcn sular alt\u0131nda kald\u0131\u011f\u0131n\u0131 g\u00f6ren Halit Atlar, k\u00f6y\u00fcn sular alt\u0131nda kald\u0131\u011f\u0131n\u0131 ilk defa g\u00f6rd\u00fc\u011f\u00fcn\u00fc ve iki katl\u0131 evlerin sular alt\u0131nda kayboldu\u011funu s\u00f6yledi.<br \/> Ge\u00e7ti\u011fimiz y\u0131l kurakl\u0131\u011f\u0131n etkili oldu\u011funu ifade eden Halil Atlar, bu y\u0131l ya\u015fanan a\u015f\u0131r\u0131 ya\u011f\u0131\u015fla baraj s\u0131n\u0131rlar\u0131 i\u00e7erisinde kalan k\u00f6ylerin su i\u00e7inde kald\u0131\u011f\u0131n\u0131 belirterek, &#8220;Reyhanl\u0131 il\u00e7esi Mehmetbeyli Mahallesindeyiz. Burada ge\u00e7en y\u0131l bu kadar su yoktu ama bu y\u0131l bereketli oldu. Sular \u00e7ok olunca yolumuz kalmad\u0131. Bu sular bize Afrin \u00c7ay\u0131ndan ve Tahtak\u00f6pr\u00fc Baraj\u0131ndan geliyor. Ge\u00e7en y\u0131l burada bir damla bile su yoktu kurakl\u0131k vard\u0131. Bu y\u0131lda bereketli olunca doldu. Bu durumu ilk defa b\u00f6yle g\u00f6r\u00fcyorum ve sular k\u00f6ye dayand\u0131. Buradaki sular alt\u0131nda kalan evlerin paralar\u0131 10 y\u0131l \u00f6nce \u00f6dendi. Bundan dolay\u0131 kimsede ma\u011fdur olmad\u0131. Kar\u015f\u0131da olan iki k\u00f6ydeki insanlarda sular alt\u0131nda kal\u0131nca hepsi buraya ta\u015f\u0131nd\u0131. Burada benim zeytin bah\u00e7em var ama yol olmad\u0131\u011f\u0131 i\u00e7in o tarafa gidemiyorum. Buraya yol yap\u0131l\u0131rsa g\u00fczel olur. Sular\u0131n olmas\u0131yla \u00e7ok g\u00fczel manzaras\u0131 var. Bu manzarayla sanki Antalya&#8217;da oturuyormu\u015f gibi hissediyorsun&#8221; dedi.<\/p>\n<p>KAYNAK: \u0130HA<\/p>\n","protected":false},"excerpt":{"rendered":"<p>Hatay&#8217;\u0131n Reyhanl\u0131 ve Kumlu il\u00e7elerinde yer alan Reyhanl\u0131 Baraj\u0131&#8217;n\u0131n temeli 2010 y\u0131l\u0131nda at\u0131lm\u0131\u015ft\u0131 ve \u00e7al\u0131\u015fmalar&#8230;<\/p>\n","protected":false},"author":1,"featured_media":0,"comment_status":"closed","ping_status":"closed","sticky":false,"template":"","format":"standard","meta":{"footnotes":""},"categories":[1],"tags":[],"class_list":["post-5009","post","type-post","status-publish","format-standard","hentry","category-guncel-haberler"],"_links":{"self":[{"href":"https:\/\/manseturfa.com\/index.php?rest_route=\/wp\/v2\/posts\/5009","targetHints":{"allow":["GET"]}}],"collection":[{"href":"https:\/\/manseturfa.com\/index.php?rest_route=\/wp\/v2\/posts"}],"about":[{"href":"https:\/\/manseturfa.com\/index.php?rest_route=\/wp\/v2\/types\/post"}],"author":[{"embeddable":true,"href":"https:\/\/manseturfa.com\/index.php?rest_route=\/wp\/v2\/users\/1"}],"replies":[{"embeddable":true,"href":"https:\/\/manseturfa.com\/index.php?rest_route=%2Fwp%2Fv2%2Fcomments&post=5009"}],"version-history":[{"count":0,"href":"https:\/\/manseturfa.com\/index.php?rest_route=\/wp\/v2\/posts\/5009\/revisions"}],"wp:attachment":[{"href":"https:\/\/manseturfa.com\/index.php?rest_route=%2Fwp%2Fv2%2Fmedia&parent=5009"}],"wp:term":[{"taxonomy":"category","embeddable":true,"href":"https:\/\/manseturfa.com\/index.php?rest_route=%2Fwp%2Fv2%2Fcategories&post=5009"},{"taxonomy":"post_tag","embeddable":true,"href":"https:\/\/manseturfa.com\/index.php?rest_route=%2Fwp%2Fv2%2Ftags&post=5009"}],"curies":[{"name":"wp","href":"https:\/\/api.w.org\/{rel}","templated":true}]}}