{"id":5012,"date":"2026-05-02T07:18:09","date_gmt":"2026-05-02T07:18:09","guid":{"rendered":"https:\/\/manseturfa.com\/?p=5012"},"modified":"2026-05-02T07:18:09","modified_gmt":"2026-05-02T07:18:09","slug":"klasik-otomobiller-sanliurfada-her-biri-ayri-hikaye-ayri-bir-efsane","status":"publish","type":"post","link":"https:\/\/manseturfa.com\/?p=5012","title":{"rendered":"Klasik otomobiller \u015eanl\u0131urfa\u2019da! Her biri ayr\u0131 hikaye ayr\u0131 bir efsane!"},"content":{"rendered":"<p>\u015eanl\u0131urfa Fuar Merkezi&#8217;nde kap\u0131lar\u0131n\u0131 a\u00e7an ve b\u00f6lgenin en b\u00fcy\u00fck otomotiv bulu\u015fmalar\u0131ndan biri olan \u015eanl\u0131urfa Otoshow, otomotiv d\u00fcnyas\u0131n\u0131n dev markalar\u0131n\u0131 ve binlerce ziyaret\u00e7iyi ayn\u0131 \u00e7at\u0131 alt\u0131nda bulu\u015fturuyor.<\/p>\n<p>Yeni nesil ara\u00e7lar\u0131n, teknolojilerin ve motosikletlerin sergilendi\u011fi fuarda, en b\u00fcy\u00fck ilgiyi ise ge\u00e7mi\u015fin izlerini bug\u00fcne ta\u015f\u0131yan klasik otomobiller g\u00f6r\u00fcyor.<\/p>\n<p>Bu nostaljik r\u00fczgar\u0131n mimar\u0131 ise, as\u0131l mesle\u011fi mimarl\u0131k olan ancak klasik otomobil tutkusuyla tan\u0131nan Ahmet \u00d6ncel.<\/p>\n<p>Koleksiyonundaki sekiz ara\u00e7tan be\u015fini fuarda sergileyen \u00d6ncel, her bir arac\u0131n metal kaportas\u0131n\u0131n ard\u0131nda yatan o duygu y\u00fckl\u00fc \u00f6yk\u00fclerini de anlatt\u0131.<\/p>\n<h2><strong>TUTKUSU \u00c7OCUKLUK YILLARINA DAYANIYOR<\/strong><\/h2>\n<p>Araba sevgisinin \u00e7ocukluk y\u0131llar\u0131nda sanayide at\u0131ld\u0131\u011f\u0131n\u0131 ifade eden \u00d6ncel, &#8220;Asl\u0131nda bu tutku \u00e7ocuk d\u00f6nemindeyken \u00e7ocukken okul okusun diye i\u015fte bize ailemiz sanayiye g\u00f6nderiyorlard\u0131. Orada day\u0131m\u0131n yan\u0131nda motor mekanik ustas\u0131yd\u0131 kendisi. Orada ara\u00e7lar\u0131n geli\u015fine gidi\u015fine, tamiratlar\u0131na bak\u0131nca bir tutku olu\u015ftu bende. Zaten atadan geliyor. Rahmetlik dedemin arabalara \u00e7ok ilgisi vard\u0131, arabalar\u0131 \u00e7ok severdi. Atalardan geliyor asl\u0131nda bu araba sevgisi.&#8221; ifadelerini kulland\u0131.<\/p>\n<p><img loading=\"lazy\" decoding=\"async\" alt=\"Klasik otomobiller \u015eanl\u0131urfa\u2019da! Her biri ayr\u0131 hikaye ayr\u0131 bir efsane!\" class=\"mx-auto max-w-full h-auto shadow-sm\" height=\"900\" src=\"https:\/\/www.urfahaber.com\/images\/uploads\/2026\/05\/whatsapp-image-2026-05-02-at-000927-69f517239e90f.jpeg\" width=\"1200\" \/><\/p>\n<h2><strong>FUARIN G\u00d6ZDES\u0130\u00a01968 MODEL \u0130MPALA\u00a0<\/strong><\/h2>\n<p>Fuarda sergiledi\u011fi ara\u00e7lar aras\u0131nda vatanda\u015flar\u0131n etraf\u0131nda en \u00e7ok kalabal\u0131k olu\u015fturdu\u011fu modelin 1968 model arac\u0131 oldu\u011funu belirten \u00d6ncel, &#8220;1968 model Chevrolet impala arac\u0131m daha \u00e7ok ilgi \u00e7ekiyor \u00e7ok g\u00fczel toplanm\u0131\u015f bir ara\u00e7.&#8221; ifadelerini kulland\u0131.<\/p>\n<p><img loading=\"lazy\" decoding=\"async\" alt=\"Klasik otomobiller \u015eanl\u0131urfa\u2019da! Her biri ayr\u0131 hikaye ayr\u0131 bir efsane!\" class=\"mx-auto max-w-full h-auto shadow-sm\" height=\"900\" src=\"https:\/\/www.urfahaber.com\/images\/uploads\/2026\/05\/whatsapp-image-2026-05-01-at-235734-69f514586338e.jpeg\" width=\"1200\" \/><\/p>\n<h2><strong>DEPREM\u0130 ACI \u0130Z\u0130N\u0130\u00a0TA\u015eIYAN\u00a01964 \u0130MPALA<\/strong><\/h2>\n<p>Koleksiyonun en duygusal hikayelerinden birinin, depremde hayat\u0131n\u0131 kaybeden bir vatanda\u015fa ait olan araca ait oldu\u011funu aktaran \u00d6ncel, uzun u\u011fra\u015flar sonucu arac\u0131 yeniden yollara d\u00f6nd\u00fcrd\u00fc\u011f\u00fcn\u00fc anlatarak, &#8220;1964 model Chevrolet impala ge\u00e7irmi\u015f oldu\u011fumuz depremde vefat eden bir amcan\u0131n arabas\u0131. K\u0131z\u0131 yurtd\u0131\u015f\u0131nda ya\u015f\u0131yor, arac\u0131 satmak istediler ama tek \u015fartlar\u0131 arac\u0131n Ad\u0131yaman\u2018a sat\u0131lmamas\u0131yd\u0131. Ara\u00e7 Ad\u0131yaman\u2018dayd\u0131, arac\u0131 g\u00f6rmek i\u00e7in Ad\u0131yaman\u2018a gittim. Ara\u00e7 bir samanl\u0131kta, tabiri caizse fare yuvas\u0131 olmu\u015ftu. Korumak istemi\u015fler ama ellerinden geldi\u011fi kadar koruyabilmi\u015flerdi. Arac\u0131 orada \u00e7al\u0131\u015ft\u0131rd\u0131m, motor \u015fanz\u0131man hi\u00e7bir aksam\u0131 d\u00fczg\u00fcn de\u011fildi. Arac\u0131 getirdim, yeni bir motor buldum. Motoru Mu\u011fla&#8217;ya g\u00f6nderttim, orada yeniden yap\u0131ld\u0131 geldi ve iki y\u0131ld\u0131r \u00fcst\u00fcndeyim. Son bir ayd\u0131r y\u00fcr\u00fcmeye ba\u015flad\u0131 ara\u00e7.&#8221; ifadelerini kulland\u0131.<\/p>\n<p><img loading=\"lazy\" decoding=\"async\" alt=\"Klasik otomobiller \u015eanl\u0131urfa\u2019da! Her biri ayr\u0131 hikaye ayr\u0131 bir efsane!\" class=\"mx-auto max-w-full h-auto shadow-sm\" height=\"900\" src=\"https:\/\/www.urfahaber.com\/images\/uploads\/2026\/05\/whatsapp-image-2026-05-02-at-000020-1-69f514f5398cf.jpeg\" width=\"1200\" \/><\/p>\n<h2><strong>DI\u015eI 1975 MODEL KLAS\u0130K, \u0130\u00c7\u0130 300 BEYG\u0130RL\u0130K CANAVAR<\/strong><\/h2>\n<p>Ustalar\u0131n pes etti\u011fi bir arac\u0131 hayallerindeki projeye d\u00f6n\u00fc\u015ft\u00fcrd\u00fc\u011f\u00fcn\u00fc belirten \u00d6ncel,\u00a0&#8220;Bu arac\u0131 yakla\u015f\u0131k 10 y\u0131l \u00f6nce Antep&#8217;te yine kapal\u0131 bir garajda ustalar\u0131n toparlayamad\u0131\u011f\u0131 bir ara\u00e7t\u0131. 6-7 y\u0131l boyunca kaporta ve boyas\u0131yla u\u011fra\u015ft\u0131k. Kafamda hep bir proje vard\u0131. D\u0131\u015ftan klasik bir ara\u00e7 olsun ama i\u00e7erisinde modern, kuvvetli bir motor yats\u0131n. Elektronik bir altyap\u0131ya sahip olsun. T\u00fcm hayallerimi bu ara\u00e7ta ger\u00e7ekle\u015ftirdim. Arac\u0131n kabu\u011fu 1975 model Ford Taunus coupe. Alt\u0131nda 300 beygirlik bir motor var.&#8221; ifadelerini kulland\u0131.<\/p>\n<p><img loading=\"lazy\" decoding=\"async\" alt=\"Klasik otomobiller \u015eanl\u0131urfa\u2019da! Her biri ayr\u0131 hikaye ayr\u0131 bir efsane!\" class=\"mx-auto max-w-full h-auto shadow-sm\" height=\"900\" src=\"https:\/\/www.urfahaber.com\/images\/uploads\/2026\/05\/whatsapp-image-2026-05-02-at-000201-69f5155ae72ac.jpeg\" width=\"1200\" \/><\/p>\n<h2><strong>\u0130ZM\u0130R&#8217;DEN URFA&#8217;YA UZANAN 1977 FORD GRANADA YOLCULU\u011eU<\/strong><\/h2>\n<p>Koleksiyonuna katmak istedi\u011fi 1977 model ara\u00e7 i\u00e7in her t\u00fcrl\u00fc zorlu\u011fu g\u00f6ze ald\u0131\u011f\u0131n\u0131 belirten \u00d6ncel\u00a0&#8220;Bu ara\u00e7 \u0130zmir\u2019de bir amcadan ilk arac\u0131, kendisinin Konya\u2019da bir koleksiyoner arkada\u015f\u0131n\u0131n eline ge\u00e7iyor. Ufak tefek ar\u0131zalar\u0131ndan dolay\u0131 ara\u00e7 yat\u0131yordu. Ben her t\u00fcrl\u00fc ar\u0131zas\u0131n\u0131 g\u00f6ze alarak Konya\u2019dan Urfa&#8217;ya getirdim. Hatta gelirken Adana\u2019da yolda kald\u0131m. Bu arac\u0131n projesi de \u00e7ok uzun s\u00fcrd\u00fc, sonras\u0131nda motor komple elden ge\u00e7ti. Zaten bunun ar\u0131zas\u0131 tamamen motordayd\u0131. Bunun haricinde i\u00e7indeki d\u00f6\u015femeler kaportas\u0131 boyas\u0131 hi\u00e7 ellenmeden sadece d\u0131\u015ftan bir temizlik boyas\u0131 var, ara\u00e7 tamamen orijinal.&#8221; ifadelerini kulland\u0131.<\/p>\n<p><img loading=\"lazy\" decoding=\"async\" alt=\"Klasik otomobiller \u015eanl\u0131urfa\u2019da! Her biri ayr\u0131 hikaye ayr\u0131 bir efsane!\" class=\"mx-auto max-w-full h-auto shadow-sm\" height=\"900\" src=\"https:\/\/www.urfahaber.com\/images\/uploads\/2026\/05\/whatsapp-image-2026-05-02-at-000341-69f515bedf076.jpeg\" width=\"1200\" \/><\/p>\n<h2><strong>&#8220;Z\u00dcMR\u00dcT&#8221; \u0130LE BA\u015eLAYAN YEN\u0130 B\u0130R TUTKU<\/strong><\/h2>\n<p>Ba\u015flang\u0131\u00e7ta Mercedes markas\u0131na ilgi duymad\u0131\u011f\u0131n\u0131 ancak bir arkada\u015f\u0131n\u0131n y\u00f6nlendirmesiyle koleksiyonuna bu markay\u0131 da katt\u0131\u011f\u0131n\u0131 belirten \u00d6ncel, &#8220;Her ara\u00e7ta oldu\u011fu gibi bu arac\u0131n da bir hikayesi var. Asl\u0131nda ben Ford yap\u0131yordum. Mercedes&#8217;e hi\u00e7 ilgim yoktu. Ama bir arkada\u015f\u0131m s\u00fcrekli bana &#8216;bir Mercedes sen de yap&#8217; diye diye bana bunu ald\u0131rd\u0131. Hatta bundan sonra farkl\u0131 Mercedes&#8217;ler de ald\u0131m. Ondan sonra Mercedes yolumuz a\u00e7\u0131ld\u0131. Z\u00fcmr\u00fct\u00fc yapt\u0131k.&#8221; ifadelerini kulland\u0131.<\/p>\n<p><img loading=\"lazy\" decoding=\"async\" alt=\"Klasik otomobiller \u015eanl\u0131urfa\u2019da! Her biri ayr\u0131 hikaye ayr\u0131 bir efsane!\" class=\"mx-auto max-w-full h-auto shadow-sm\" height=\"900\" src=\"https:\/\/www.urfahaber.com\/images\/uploads\/2026\/05\/whatsapp-image-2026-05-01-at-235734-1-69f515ec1bea0.jpeg\" width=\"1200\" \/><\/p>\n","protected":false},"excerpt":{"rendered":"<p>\u015eanl\u0131urfa Fuar Merkezi&#8217;nde kap\u0131lar\u0131n\u0131 a\u00e7an ve b\u00f6lgenin en b\u00fcy\u00fck otomotiv bulu\u015fmalar\u0131ndan biri olan \u015eanl\u0131urfa Otoshow,&#8230;<\/p>\n","protected":false},"author":1,"featured_media":0,"comment_status":"closed","ping_status":"closed","sticky":false,"template":"","format":"standard","meta":{"footnotes":""},"categories":[1],"tags":[],"class_list":["post-5012","post","type-post","status-publish","format-standard","hentry","category-guncel-haberler"],"_links":{"self":[{"href":"https:\/\/manseturfa.com\/index.php?rest_route=\/wp\/v2\/posts\/5012","targetHints":{"allow":["GET"]}}],"collection":[{"href":"https:\/\/manseturfa.com\/index.php?rest_route=\/wp\/v2\/posts"}],"about":[{"href":"https:\/\/manseturfa.com\/index.php?rest_route=\/wp\/v2\/types\/post"}],"author":[{"embeddable":true,"href":"https:\/\/manseturfa.com\/index.php?rest_route=\/wp\/v2\/users\/1"}],"replies":[{"embeddable":true,"href":"https:\/\/manseturfa.com\/index.php?rest_route=%2Fwp%2Fv2%2Fcomments&post=5012"}],"version-history":[{"count":0,"href":"https:\/\/manseturfa.com\/index.php?rest_route=\/wp\/v2\/posts\/5012\/revisions"}],"wp:attachment":[{"href":"https:\/\/manseturfa.com\/index.php?rest_route=%2Fwp%2Fv2%2Fmedia&parent=5012"}],"wp:term":[{"taxonomy":"category","embeddable":true,"href":"https:\/\/manseturfa.com\/index.php?rest_route=%2Fwp%2Fv2%2Fcategories&post=5012"},{"taxonomy":"post_tag","embeddable":true,"href":"https:\/\/manseturfa.com\/index.php?rest_route=%2Fwp%2Fv2%2Ftags&post=5012"}],"curies":[{"name":"wp","href":"https:\/\/api.w.org\/{rel}","templated":true}]}}