{"id":5014,"date":"2026-05-02T08:44:25","date_gmt":"2026-05-02T08:44:25","guid":{"rendered":"https:\/\/manseturfa.com\/?p=5014"},"modified":"2026-05-02T08:44:25","modified_gmt":"2026-05-02T08:44:25","slug":"sanliurfa-buyuksehir-belediyesinden-refuj-temizligi","status":"publish","type":"post","link":"https:\/\/manseturfa.com\/?p=5014","title":{"rendered":"\u015eanl\u0131urfa B\u00fcy\u00fck\u015fehir Belediyesi&#8217;nden ref\u00fcj temizli\u011fi!"},"content":{"rendered":"<p>\u015eanl\u0131urfa B\u00fcy\u00fck\u015fehir Belediyesi, Haliliye il\u00e7esine ba\u011fl\u0131 Veysel Karani Mahallesi\u2019nde bulunan ana arterlerde ref\u00fcj temizli\u011fi \u00e7al\u0131\u015fmalar\u0131 ger\u00e7ekle\u015ftirdi. B\u00fcy\u00fck\u015fehir Belediyesi ekipleri, vatanda\u015flar\u0131n yo\u011fun olarak kulland\u0131\u011f\u0131 cadde ve bulvarlarda yer alan orta ref\u00fcjlerde kapsaml\u0131 temizlik \u00e7al\u0131\u015fmas\u0131 yaparken, \u00e7al\u0131\u015fmalar kapsam\u0131nda ref\u00fcjlerde biriken yabanc\u0131 otlar\u0131n budanmas\u0131 ve \u00e7evre d\u00fczenlemesi de titizlikle ger\u00e7ekle\u015ftirildi.<\/p>\n<p><img loading=\"lazy\" decoding=\"async\" alt=\"\u015eanl\u0131urfa B\u00fcy\u00fck\u015fehir Belediyesinden ref\u00fcj temizli\u011fi!\" class=\"mx-auto max-w-full h-auto shadow-sm\" height=\"900\" src=\"https:\/\/www.urfahaber.com\/images\/uploads\/2026\/05\/whatsapp-image-2026-05-02-at-113423-69f5b86890ef8.jpeg\" width=\"1200\" \/><\/p>\n<p>Kent esteti\u011fini \u00f6n planda tutan ekipler, trafik ak\u0131\u015f\u0131n\u0131 aksatmadan s\u00fcrd\u00fcr\u00fclen \u00e7al\u0131\u015fmalarla ana arterlerin daha d\u00fczenli ve modern bir g\u00f6r\u00fcn\u00fcme kavu\u015fmas\u0131n\u0131 sa\u011flad\u0131.\u00a0Yap\u0131lan ref\u00fcj temizlik \u00e7al\u0131\u015fmalar\u0131yla birlikte ana arterlerde g\u00f6rsel d\u00fczen sa\u011fland\u0131.<\/p>\n","protected":false},"excerpt":{"rendered":"<p>\u015eanl\u0131urfa B\u00fcy\u00fck\u015fehir Belediyesi, Haliliye il\u00e7esine ba\u011fl\u0131 Veysel Karani Mahallesi\u2019nde bulunan ana arterlerde ref\u00fcj temizli\u011fi \u00e7al\u0131\u015fmalar\u0131&#8230;<\/p>\n","protected":false},"author":1,"featured_media":0,"comment_status":"closed","ping_status":"closed","sticky":false,"template":"","format":"standard","meta":{"footnotes":""},"categories":[1],"tags":[],"class_list":["post-5014","post","type-post","status-publish","format-standard","hentry","category-guncel-haberler"],"_links":{"self":[{"href":"https:\/\/manseturfa.com\/index.php?rest_route=\/wp\/v2\/posts\/5014","targetHints":{"allow":["GET"]}}],"collection":[{"href":"https:\/\/manseturfa.com\/index.php?rest_route=\/wp\/v2\/posts"}],"about":[{"href":"https:\/\/manseturfa.com\/index.php?rest_route=\/wp\/v2\/types\/post"}],"author":[{"embeddable":true,"href":"https:\/\/manseturfa.com\/index.php?rest_route=\/wp\/v2\/users\/1"}],"replies":[{"embeddable":true,"href":"https:\/\/manseturfa.com\/index.php?rest_route=%2Fwp%2Fv2%2Fcomments&post=5014"}],"version-history":[{"count":0,"href":"https:\/\/manseturfa.com\/index.php?rest_route=\/wp\/v2\/posts\/5014\/revisions"}],"wp:attachment":[{"href":"https:\/\/manseturfa.com\/index.php?rest_route=%2Fwp%2Fv2%2Fmedia&parent=5014"}],"wp:term":[{"taxonomy":"category","embeddable":true,"href":"https:\/\/manseturfa.com\/index.php?rest_route=%2Fwp%2Fv2%2Fcategories&post=5014"},{"taxonomy":"post_tag","embeddable":true,"href":"https:\/\/manseturfa.com\/index.php?rest_route=%2Fwp%2Fv2%2Ftags&post=5014"}],"curies":[{"name":"wp","href":"https:\/\/api.w.org\/{rel}","templated":true}]}}