{"id":5016,"date":"2026-05-02T09:50:51","date_gmt":"2026-05-02T09:50:51","guid":{"rendered":"https:\/\/manseturfa.com\/?p=5016"},"modified":"2026-05-02T09:50:51","modified_gmt":"2026-05-02T09:50:51","slug":"dikkat-meteorolojiden-sanliurfa-icin-kritik-uyari","status":"publish","type":"post","link":"https:\/\/manseturfa.com\/?p=5016","title":{"rendered":"Dikkat! Meteorolojiden \u015eanl\u0131urfa i\u00e7in kritik uyar\u0131!"},"content":{"rendered":"<p>2 May\u0131s Cumartesi g\u00fcn\u00fc g\u00f6k g\u00fcr\u00fclt\u00fcl\u00fc sa\u011fanak ya\u011f\u0131\u015f bekleniyor. G\u00fcn i\u00e7inde en d\u00fc\u015f\u00fck s\u0131cakl\u0131k 14 derece, en y\u00fcksek s\u0131cakl\u0131k ise 25 derece olacak. Ya\u011f\u0131\u015fl\u0131 hava pazar g\u00fcn\u00fc de etkisini s\u00fcrd\u00fcrecek. 3 May\u0131s Pazar g\u00fcn\u00fc s\u0131cakl\u0131klar 15 ile 24 derece aras\u0131nda de\u011fi\u015firken, yine sa\u011fanak ve g\u00f6k g\u00fcr\u00fclt\u00fcs\u00fc \u00f6ne \u00e7\u0131k\u0131yor.<\/p>\n<h2><img loading=\"lazy\" decoding=\"async\" alt=\"Dikkat! Meteorolojiden \u015eanl\u0131urfa i\u00e7in kritik uyar\u0131!\" class=\"mx-auto max-w-full h-auto shadow-sm\" height=\"784\" src=\"https:\/\/www.urfahaber.com\/images\/uploads\/2026\/05\/haber-69f5cc367503c.jpg\" width=\"1168\" \/><strong>HAFTA BA\u015eINDA ARTIYOR<\/strong><\/h2>\n<p>Yeni haftayla birlikte serinleme daha da hissedilecek. 4 May\u0131s Pazartesi g\u00fcn\u00fc en d\u00fc\u015f\u00fck s\u0131cakl\u0131k 11 dereceye kadar gerilerken, en y\u00fcksek s\u0131cakl\u0131k 19 dereceye d\u00fc\u015fecek. Ya\u011f\u0131\u015fl\u0131 hava bu g\u00fcn de devam edecek.<\/p>\n<h2><img loading=\"lazy\" decoding=\"async\" alt=\"Dikkat! Meteorolojiden \u015eanl\u0131urfa i\u00e7in kritik uyar\u0131!\" class=\"mx-auto max-w-full h-auto shadow-sm\" height=\"739\" src=\"https:\/\/www.urfahaber.com\/images\/uploads\/2026\/05\/urfa-69f5cc8e15f29.webp\" width=\"888\" \/><strong>SALI G\u00dcN\u00dc YA\u011eI\u015e DEVAM ED\u0130YOR<\/strong><\/h2>\n<p>5 May\u0131s Sal\u0131 g\u00fcn\u00fc de benzer bir tablo bekleniyor. G\u00f6k g\u00fcr\u00fclt\u00fcl\u00fc sa\u011fanak ya\u011f\u0131\u015f etkisini s\u00fcrd\u00fcr\u00fcrken s\u0131cakl\u0131klar 10 dereceye kadar inecek, g\u00fcn i\u00e7inde en y\u00fcksek de\u011fer ise 18 derece olacak.<\/p>\n<h2><strong>HAFTA ORTASINDA HAVA SAK\u0130NLE\u015e\u0130YOR<\/strong><\/h2>\n<p>Haftan\u0131n ortas\u0131nda ise ya\u011f\u0131\u015flar yerini daha sakin bir havaya b\u0131rak\u0131yor. 6 May\u0131s \u00c7ar\u015famba g\u00fcn\u00fc par\u00e7al\u0131 bulutlu bir g\u00f6ky\u00fcz\u00fc beklenirken, en d\u00fc\u015f\u00fck s\u0131cakl\u0131k 9, en y\u00fcksek s\u0131cakl\u0131k ise 21 derece olacak.<\/p>\n<h2><strong>YA\u011eI\u015eLARA KAR\u015eI UYARI<\/strong><\/h2>\n<p>Veriler, \u015eanl\u0131urfa\u2019da k\u0131sa s\u00fcreli ama etkili bir ya\u011f\u0131\u015fl\u0131 ve serin hava dalgas\u0131na i\u015faret ediyor. \u00d6zellikle hafta sonu ve hafta ba\u015f\u0131nda d\u0131\u015far\u0131 \u00e7\u0131kacak vatanda\u015flar\u0131n ya\u011f\u0131\u015fa kar\u015f\u0131 haz\u0131rl\u0131kl\u0131 olmas\u0131 gerekiyor.<\/p>\n","protected":false},"excerpt":{"rendered":"<p>2 May\u0131s Cumartesi g\u00fcn\u00fc g\u00f6k g\u00fcr\u00fclt\u00fcl\u00fc sa\u011fanak ya\u011f\u0131\u015f bekleniyor. G\u00fcn i\u00e7inde en d\u00fc\u015f\u00fck s\u0131cakl\u0131k 14&#8230;<\/p>\n","protected":false},"author":1,"featured_media":0,"comment_status":"closed","ping_status":"closed","sticky":false,"template":"","format":"standard","meta":{"footnotes":""},"categories":[1],"tags":[],"class_list":["post-5016","post","type-post","status-publish","format-standard","hentry","category-guncel-haberler"],"_links":{"self":[{"href":"https:\/\/manseturfa.com\/index.php?rest_route=\/wp\/v2\/posts\/5016","targetHints":{"allow":["GET"]}}],"collection":[{"href":"https:\/\/manseturfa.com\/index.php?rest_route=\/wp\/v2\/posts"}],"about":[{"href":"https:\/\/manseturfa.com\/index.php?rest_route=\/wp\/v2\/types\/post"}],"author":[{"embeddable":true,"href":"https:\/\/manseturfa.com\/index.php?rest_route=\/wp\/v2\/users\/1"}],"replies":[{"embeddable":true,"href":"https:\/\/manseturfa.com\/index.php?rest_route=%2Fwp%2Fv2%2Fcomments&post=5016"}],"version-history":[{"count":0,"href":"https:\/\/manseturfa.com\/index.php?rest_route=\/wp\/v2\/posts\/5016\/revisions"}],"wp:attachment":[{"href":"https:\/\/manseturfa.com\/index.php?rest_route=%2Fwp%2Fv2%2Fmedia&parent=5016"}],"wp:term":[{"taxonomy":"category","embeddable":true,"href":"https:\/\/manseturfa.com\/index.php?rest_route=%2Fwp%2Fv2%2Fcategories&post=5016"},{"taxonomy":"post_tag","embeddable":true,"href":"https:\/\/manseturfa.com\/index.php?rest_route=%2Fwp%2Fv2%2Ftags&post=5016"}],"curies":[{"name":"wp","href":"https:\/\/api.w.org\/{rel}","templated":true}]}}